{"id":120905,"date":"2024-01-26T10:07:01","date_gmt":"2024-01-26T13:07:01","guid":{"rendered":"https:\/\/corrientesdetarde.com\/?p=120905"},"modified":"2024-01-26T10:11:30","modified_gmt":"2024-01-26T13:11:30","slug":"maria-becerra-se-canso-de-las-criticas-y-mostro-los-retoques-que-se-hizo-en-el-rostro-no-voy-a-mentir","status":"publish","type":"post","link":"https:\/\/corrientesdetarde.com\/index.php\/espectaculos\/maria-becerra-se-canso-de-las-criticas-y-mostro-los-retoques-que-se-hizo-en-el-rostro-no-voy-a-mentir\/","title":{"rendered":"Mar\u00eda Becerra se cans\u00f3 de las cr\u00edticas y mostr\u00f3 los retoques que se hizo en el rostro: \u201cNo voy a mentir\u201d"},"content":{"rendered":"\n<p>Mar\u00eda Becerra habl\u00f3 de sus cirug\u00edas est\u00e9ticas y revel\u00f3 los retoques que se hizo en la cara. (Fotos: Instagram \/ mariabecerra)<\/p>\n\n\n\n<p><strong>Mar\u00eda Becerra\u00a0<\/strong>sorprendi\u00f3 a sus seguidores al revelar en detalle las cirug\u00edas y retoques faciales que se hizo en los \u00faltimos meses. Con honestidad, la artista se burl\u00f3 de las acusaciones y aclar\u00f3 que a\u00fan conserva la movilidad en el rostro.<\/p>\n\n\n\n<p>Durante una ronda de preguntas y respuestas que organiz\u00f3 en un vivo de Instagram, un usuario le consult\u00f3:\u00a0<strong>\u201c\u00bfQui\u00e9n te hizo la carita?\u201d<\/strong>, en referencia a la famosa frase de\u00a0<strong>Mirtha Legrand<\/strong>. La artista no esquiv\u00f3 el tema y, sin vueltas, lanz\u00f3:\u00a0<strong>\u201cUn cirujano, \u00bfqui\u00e9n me la va a hacer?\u201d<\/strong>.<\/p>\n\n\n\n<figure class=\"wp-block-image\"><img decoding=\"async\" src=\"https:\/\/tn.com.ar\/resizer\/mpqUWq_vwVikrF1WXg7DDH4oWbo=\/767x0\/smart\/filters:format(webp)\/cloudfront-us-east-1.images.arcpublishing.com\/artear\/MJ4ZIMD6RNDNFKWDCL352E55RM.jpg\" alt=\"Mar\u00eda Becerra se refiri\u00f3 a las varias acusaciones sobre las cirug\u00edas est\u00e9ticas a las que se someti\u00f3. (Foto: Instagram\/Mar\u00edabecerra)\"\/><figcaption>Mar\u00eda Becerra se refiri\u00f3 a las varias acusaciones sobre las cirug\u00edas est\u00e9ticas a las que se someti\u00f3. (Foto: Instagram\/Mar\u00edabecerra)<\/figcaption><\/figure>\n\n\n\n<p>Aunque se tom\u00f3 las cr\u00edticas con mucho humor, la artista sinti\u00f3 la necesidad de aclarar que no se someti\u00f3 a ninguna cirug\u00eda que afecte a su rostro, sino que recurre a retoques temporales. \u201c<strong>Igual, yo no tengo operaciones est\u00e9ticas, sino lo dir\u00eda con soltura. Ustedes saben que a m\u00ed no me ceba caretearla<\/strong>\u201d, comenz\u00f3.<\/p>\n\n\n\n<p>\u201c<strong>Yo me hice las tetas, lo digo. Pero, el resto, son todas inyecciones de \u00e1cido hialur\u00f3nico. En los labios y en algunas otras zonas, no te voy a mentir<\/strong>\u201d, expres\u00f3, revelando que apuesta por este tipo de procedimientos que cada vez es m\u00e1s popular en la Argentina.<\/p>\n\n\n\n<figure class=\"wp-block-image\"><img decoding=\"async\" src=\"https:\/\/tn.com.ar\/resizer\/zMt3aCvnIHNtJtf8lsBD0KF23O8=\/767x0\/smart\/filters:format(webp)\/cloudfront-us-east-1.images.arcpublishing.com\/artear\/5DP754N6LRDK3AZS7X5YM4H44E.jpg\" alt=\"La cantante asegur\u00f3 que se aplica inyecciones de \u00e1cido hialur\u00f3nico en el rostro. (Foto: Instagram \/ mariabecerra)\"\/><figcaption>La cantante asegur\u00f3 que se aplica inyecciones de \u00e1cido hialur\u00f3nico en el rostro. (Foto: Instagram \/ mariabecerra)<\/figcaption><\/figure>\n\n\n\n<p>Luego de sincerarse con su p\u00fablico, un seguidor le pregunt\u00f3: \u201c\u00bfPod\u00e9s levantar una ceja?\u201d. Entre risas, respondi\u00f3 afirmativamente y lo demostr\u00f3. \u201c<strong>Obvio que s\u00ed, tengo movilidad en la cara<\/strong>\u201d, coment\u00f3, asegurando que los retoques no impactan de manera negativa en sus facciones negativas. \u201c<strong>Tampoco es que me puse botox<\/strong>, no, me puse \u00e1cido hialur\u00f3nico\u201d, agreg\u00f3.<\/p>\n\n\n\n<p>Hace un par de meses, Mar\u00eda Becerra hab\u00eda sido acusada de haberse realizado distintas cirug\u00edas est\u00e9ticas faciales. \u201c\u00bfQui\u00e9n te hizo creer que ten\u00edas que modificar algo de tu rostro?\u201d,\u00a0<strong>\u201cMar\u00eda ten\u00e9s la carita nueva\u201d,<\/strong>\u00a0\u201c\u00bfQu\u00e9 le pas\u00f3 en la cara?\u201d, fueron algunos de los comentarios que recibi\u00f3 una publicaci\u00f3n en su Instagram en mayo.<\/p>\n\n\n\n<figure class=\"wp-block-image\"><img decoding=\"async\" src=\"https:\/\/tn.com.ar\/resizer\/niRlC8pCVks2MbMfIUo-W6iITeE=\/767x0\/smart\/filters:format(webp)\/cloudfront-us-east-1.images.arcpublishing.com\/artear\/LDPKX7Z5GRAAXPAUPR3K6HNKZE.png\" alt=\"Mar\u00eda Becerra hab\u00eda explicado en mayo del a\u00f1o pasado que el maquillaje suele alterar la forma de su cara. (Captura de Twitter \/ MariaBecerra22)\"\/><figcaption>Mar\u00eda Becerra hab\u00eda explicado en mayo del a\u00f1o pasado que el maquillaje suele alterar la forma de su cara. (Captura de Twitter \/ MariaBecerra22)<\/figcaption><\/figure>\n\n\n\n<p>Frente a las diversas reacciones, la artista se tom\u00f3 con humor la situaci\u00f3n y neg\u00f3 cualquier tipo de retoque reciente.<strong>&nbsp;\u201cGente no me hice nada (nuevo) en la cara jajaja. Sal\u00ed as\u00ed por el tipo de maquillaje que me hice especialmente ese d\u00eda<\/strong>. Me cambia mucho la mirada con el delineado y a veces me zarpo un poco con el contorno\u201d, explic\u00f3, compartiendo dos fotos de d\u00edas diferentes para comparar c\u00f3mo afecta el tipo de maquillaje que usa.<\/p>\n\n\n\n<h2 class=\"wp-block-heading\">Mar\u00eda Becerra mostr\u00f3 su rutina de ejercicio y advirti\u00f3 el riesgo de hacerla: \u201cMe pegu\u00e9 una mareada refea\u201d<\/h2>\n\n\n\n<p><strong>Mar\u00eda Becerra\u00a0<\/strong>subi\u00f3 a su cuenta de TikTok un video en el que mostraba el extenuante circuito de ejercicios que realiza para mantener su cuerpo saludable y tonificado. En esta oportunidad, la cantante record\u00f3 su pasado como creadora de contenido y salud\u00f3 a sus fans como sol\u00eda hacer en sus inicios. \u201c<strong>\u00a1Hola, mis locuras! \u00bfC\u00f3mo andan? Hoy les voy a mostrar algo que me han pedido mucho, que es mi rutina de piernas y gl\u00fateos.\u00a0<\/strong>\u00a1Qu\u00e9 bueno! Debe ser porque ven mi cuerpo tonificado\u201d, cont\u00f3 con su usual sentido del humor.<\/p>\n\n\n\n<p>Luego, la Nena de Argentina comenz\u00f3 el circuito de ejercicios y con cada cambio comentaba a c\u00e1mara los ejercicios que realizaba y las secuencias: \u201cEmpezamos con sentadillas est\u00e1ticas por un minuto, luego de eso, seguido, hago 20 sentadillas normales, y despu\u00e9s 20 sentadillas con salto. Todo esto seguido sin descanso, hago tres series\u201d.&nbsp;<strong>\u201cMe tomo unos momentos para tirarle mal de ojo a mi entrenador\u201d<\/strong>, agreg\u00f3 entre risas.<\/p>\n\n\n\n<figure class=\"wp-block-image\"><img decoding=\"async\" src=\"https:\/\/tn.com.ar\/resizer\/zoRlvcodRuwYYPLbZR4IJBash0M=\/767x0\/smart\/filters:format(webp)\/thumbs.vodgc.net\/1-14-qTXPL61705691445873-1705693685.jpg\" alt=\"Video Placeholder\"\/><\/figure>\n\n\n\n<p>(Foto: TikTok \/ mariabecerra)<\/p>\n\n\n\n<p>En cada vuelta, la cantante no solo sumaba m\u00e1s rutinas, sino repeticiones y peso de acuerdo a su resistencia y a los resultados que desea obtener. La morocha tambi\u00e9n admiti\u00f3 que la intensidad de las sesiones de cu\u00e1driceps le trae consecuencias: \u201c<strong>Este es el momento exacto donde me pegu\u00e9 una mareada re fea<\/strong>\u201d.<\/p>\n\n\n\n<p>Completamente extenuada por el trabajo realizado, Mar\u00eda advirti\u00f3 a quienes vieron el video:<strong>&nbsp;\u201cLes tiro un dato, esta rutina me lleva dos horas, dos horas y media\u201d. Para finalizar la jornada, concluy\u00f3:&nbsp;<\/strong>\u201cPor fin terminamos, me hidrato porque termino deshidratada. Bueno, eso fue todo, gente\u201d.<\/p>\n","protected":false},"excerpt":{"rendered":"<p>Mar\u00eda Becerra habl\u00f3 de sus cirug\u00edas est\u00e9ticas y revel\u00f3 los retoques que se hizo en la cara. (Fotos: Instagram \/ mariabecerra) Mar\u00eda Becerra\u00a0sorprendi\u00f3 a sus seguidores al revelar en detalle&hellip; <\/p>\n","protected":false},"author":12,"featured_media":120906,"comment_status":"closed","ping_status":"open","sticky":false,"template":"","format":"standard","meta":{"footnotes":""},"categories":[19],"tags":[],"class_list":["post-120905","post","type-post","status-publish","format-standard","has-post-thumbnail","hentry","category-espectaculos"],"_links":{"self":[{"href":"https:\/\/corrientesdetarde.com\/index.php\/wp-json\/wp\/v2\/posts\/120905","targetHints":{"allow":["GET"]}}],"collection":[{"href":"https:\/\/corrientesdetarde.com\/index.php\/wp-json\/wp\/v2\/posts"}],"about":[{"href":"https:\/\/corrientesdetarde.com\/index.php\/wp-json\/wp\/v2\/types\/post"}],"author":[{"embeddable":true,"href":"https:\/\/corrientesdetarde.com\/index.php\/wp-json\/wp\/v2\/users\/12"}],"replies":[{"embeddable":true,"href":"https:\/\/corrientesdetarde.com\/index.php\/wp-json\/wp\/v2\/comments?post=120905"}],"version-history":[{"count":2,"href":"https:\/\/corrientesdetarde.com\/index.php\/wp-json\/wp\/v2\/posts\/120905\/revisions"}],"predecessor-version":[{"id":120912,"href":"https:\/\/corrientesdetarde.com\/index.php\/wp-json\/wp\/v2\/posts\/120905\/revisions\/120912"}],"wp:featuredmedia":[{"embeddable":true,"href":"https:\/\/corrientesdetarde.com\/index.php\/wp-json\/wp\/v2\/media\/120906"}],"wp:attachment":[{"href":"https:\/\/corrientesdetarde.com\/index.php\/wp-json\/wp\/v2\/media?parent=120905"}],"wp:term":[{"taxonomy":"category","embeddable":true,"href":"https:\/\/corrientesdetarde.com\/index.php\/wp-json\/wp\/v2\/categories?post=120905"},{"taxonomy":"post_tag","embeddable":true,"href":"https:\/\/corrientesdetarde.com\/index.php\/wp-json\/wp\/v2\/tags?post=120905"}],"curies":[{"name":"wp","href":"https:\/\/api.w.org\/{rel}","templated":true}]}}