{"id":120917,"date":"2024-01-26T10:31:08","date_gmt":"2024-01-26T13:31:08","guid":{"rendered":"https:\/\/corrientesdetarde.com\/?p=120917"},"modified":"2024-01-26T14:41:01","modified_gmt":"2024-01-26T17:41:01","slug":"miguel-del-sel-revelo-por-que-bajaron-a-dady-brieva-del-show-y-confeso-si-lo-extrana-en-el-escenario","status":"publish","type":"post","link":"https:\/\/corrientesdetarde.com\/index.php\/espectaculos\/miguel-del-sel-revelo-por-que-bajaron-a-dady-brieva-del-show-y-confeso-si-lo-extrana-en-el-escenario\/","title":{"rendered":"Miguel del Sel revel\u00f3 por qu\u00e9 bajaron a Dady Brieva del show y confes\u00f3 si lo extra\u00f1a en el escenario"},"content":{"rendered":"\n<p>Miguel del Sel&nbsp;se encuentra junto a el Chino Volpato haciendo temporada teatral en Villa Carlos Paz, y desde all\u00ed el capoc\u00f3mico revel\u00f3 por qu\u00e9 bajaron a&nbsp;Dady Brieva&nbsp;del show, a la vez que sorprendi\u00f3 con su comentario sobre si lo extra\u00f1an sobre el escenario.<\/p>\n\n\n\n<p>&#8220;<em>Calcul\u00e1 40 a\u00f1os trabajando con Dady, qu\u00e9 puede modificar, si \u00e9l piensa o apoya a un partido pol\u00edtico, y yo a otro. Nada, no modifica en nada, el cari\u00f1o, el respeto<\/em>&#8220;, aclar\u00f3 en primer lugar&nbsp;<strong>Miguel del Sel<\/strong>&nbsp;sobre su afecto hacia&nbsp;<strong>Dady Brieva<\/strong>, en di\u00e1logo con el programa A la Tarde (Am\u00e9rica).<\/p>\n\n\n\n<p>Luego, a nivel art\u00edstico elogi\u00f3 a su excompa\u00f1ero de elenco diciendo:&nbsp;&#8220;<em>Para m\u00ed es el mejor standupero, el m\u00e1s gracioso, es un fen\u00f3meno, lo que nos hemos re\u00eddo con Dady<\/em>&#8220;.<\/p>\n\n\n\n<p>Entonces, cu\u00e1ndo le preguntaron por qu\u00e9 no est\u00e1<strong>&nbsp;Dady Brieva&nbsp;<\/strong>en el espect\u00e1culo que actualmente est\u00e1n presentando,&nbsp;<strong>Miguel del Sel&nbsp;<\/strong>explic\u00f3 categ\u00f3rico:&nbsp;&#8220;<em>Cuando nos reunimos, Dady estaba haciendo un show, la radio, y volver a hacer un festejo por los 40 a\u00f1os, por un mes, que era la idea, no daba armar toda una estructura por tan poco tiempo. Entonces, lo dimos de baja, y empezamos a darle forma a otro espect\u00e1culo<\/em>&#8220;.&nbsp;<\/p>\n\n\n\n<figure class=\"wp-block-image\"><img decoding=\"async\" src=\"https:\/\/content.jwplatform.com\/thumbs\/C65OQvbZ-720.jpg\" alt=\"Loading video\"\/><\/figure>\n\n\n\n<p>Por \u00faltimo, sobre si extra\u00f1an a&nbsp;<strong>Dady Brieva&nbsp;<\/strong>en el escenario,&nbsp;<strong>Miguel del Sel<\/strong>&nbsp;respondi\u00f3 contundente:&nbsp;&#8220;<em>A Dady no se lo extra\u00f1a en el espect\u00e1culo pero porque tenemos un show espectacular. Pero s\u00ed estar\u00eda Dady con nosotros, nos estar\u00edamos matando de risa igual.&nbsp;No est\u00e1 Dady y tuvimos que contratar a un equipo de m\u00fasicos, y a otros que forman parte del show. Ojal\u00e1 venga Dady a visitarnos, y que suba al escenario y que haga lo que quiera. Obvio vendr\u00eda sin cobrar un peso y que se pague la nafta<\/em>&#8220;.<\/p>\n","protected":false},"excerpt":{"rendered":"<p>Miguel del Sel&nbsp;se encuentra junto a el Chino Volpato haciendo temporada teatral en Villa Carlos Paz, y desde all\u00ed el capoc\u00f3mico revel\u00f3 por qu\u00e9 bajaron a&nbsp;Dady Brieva&nbsp;del show, a la&hellip; <\/p>\n","protected":false},"author":12,"featured_media":121008,"comment_status":"closed","ping_status":"open","sticky":false,"template":"","format":"standard","meta":{"footnotes":""},"categories":[19],"tags":[],"class_list":["post-120917","post","type-post","status-publish","format-standard","has-post-thumbnail","hentry","category-espectaculos"],"_links":{"self":[{"href":"https:\/\/corrientesdetarde.com\/index.php\/wp-json\/wp\/v2\/posts\/120917","targetHints":{"allow":["GET"]}}],"collection":[{"href":"https:\/\/corrientesdetarde.com\/index.php\/wp-json\/wp\/v2\/posts"}],"about":[{"href":"https:\/\/corrientesdetarde.com\/index.php\/wp-json\/wp\/v2\/types\/post"}],"author":[{"embeddable":true,"href":"https:\/\/corrientesdetarde.com\/index.php\/wp-json\/wp\/v2\/users\/12"}],"replies":[{"embeddable":true,"href":"https:\/\/corrientesdetarde.com\/index.php\/wp-json\/wp\/v2\/comments?post=120917"}],"version-history":[{"count":3,"href":"https:\/\/corrientesdetarde.com\/index.php\/wp-json\/wp\/v2\/posts\/120917\/revisions"}],"predecessor-version":[{"id":121009,"href":"https:\/\/corrientesdetarde.com\/index.php\/wp-json\/wp\/v2\/posts\/120917\/revisions\/121009"}],"wp:featuredmedia":[{"embeddable":true,"href":"https:\/\/corrientesdetarde.com\/index.php\/wp-json\/wp\/v2\/media\/121008"}],"wp:attachment":[{"href":"https:\/\/corrientesdetarde.com\/index.php\/wp-json\/wp\/v2\/media?parent=120917"}],"wp:term":[{"taxonomy":"category","embeddable":true,"href":"https:\/\/corrientesdetarde.com\/index.php\/wp-json\/wp\/v2\/categories?post=120917"},{"taxonomy":"post_tag","embeddable":true,"href":"https:\/\/corrientesdetarde.com\/index.php\/wp-json\/wp\/v2\/tags?post=120917"}],"curies":[{"name":"wp","href":"https:\/\/api.w.org\/{rel}","templated":true}]}}