{"id":120926,"date":"2024-01-26T10:36:32","date_gmt":"2024-01-26T13:36:32","guid":{"rendered":"https:\/\/corrientesdetarde.com\/?p=120926"},"modified":"2024-01-26T10:36:36","modified_gmt":"2024-01-26T13:36:36","slug":"en-esquina-valdes-recorrio-la-costanera-afectada-por-las-lluvias-y-distintas-obras-de-infraestructura","status":"publish","type":"post","link":"https:\/\/corrientesdetarde.com\/index.php\/destacados\/en-esquina-valdes-recorrio-la-costanera-afectada-por-las-lluvias-y-distintas-obras-de-infraestructura\/","title":{"rendered":"En Esquina, Vald\u00e9s recorri\u00f3 la Costanera afectada por las lluvias y distintas obras de infraestructura"},"content":{"rendered":"\n<p>El gobernador Gustavo Vald\u00e9s visit\u00f3 el jueves por la tarde la ciudad de Esquina, donde en primer lugar, junto al intendente Hugo Ben\u00edtez, recorri\u00f3 la zona de la Costanera que se vio afectada recientemente por fuertes lluvias, con un tramo de la misma que se desmoron\u00f3 debido al socavamiento del muro de contenci\u00f3n.<\/p>\n\n\n\n<p>La recorrida prosigui\u00f3 por distintas obras que se ejecutan en Esquina, como ser ripio, asfalto, cord\u00f3n cuneta y desag\u00fces, entre otras, y luego visitaron el hospital local, lugar en el que la Provincia lleva adelante obras de refacci\u00f3n integral.<\/p>\n\n\n\n<p>Tambi\u00e9n estuvieron en el Cors\u00f3dromo y en el Hospital local, que se ubica en el barrio del mismo nombre, en donde el mandatario entreg\u00f3 el a\u00f1o pasado viviendas del programa O\u00f1ondiv\u00e9.<\/p>\n\n\n\n<p>En dicho barrio, el gobernador y el jefe comunal mantuvieron contacto y dialogaron con familias y vecinos.<\/p>\n\n\n\n<p>Acompa\u00f1aron en las actividades a Vald\u00e9s, los ministros, de Desarrollo Social, Ad\u00e1n Gaya, de Educaci\u00f3n, Pr\u00e1xedes L\u00f3pez y de Seguridad, Buenaventura Duarte, secretarios y subsecretarios de su gabinete y legisladores provinciales.<\/p>\n\n\n\n<div class=\"wp-block-columns is-layout-flex wp-container-core-columns-is-layout-9d6595d7 wp-block-columns-is-layout-flex\">\n<div class=\"wp-block-column is-layout-flow wp-block-column-is-layout-flow\"><\/div>\n\n\n\n<div class=\"wp-block-column is-layout-flow wp-block-column-is-layout-flow\"><\/div>\n<\/div>\n\n\n\n<figure class=\"wp-block-gallery has-nested-images columns-default is-cropped wp-block-gallery-1 is-layout-flex wp-block-gallery-is-layout-flex\">\n<figure class=\"wp-block-image size-large\"><img loading=\"lazy\" decoding=\"async\" width=\"977\" height=\"583\" data-id=\"120936\" src=\"https:\/\/corrientesdetarde.com\/wp-content\/uploads\/2024\/01\/imagen-63655-2.jpg\" alt=\"\" class=\"wp-image-120936\" srcset=\"https:\/\/corrientesdetarde.com\/wp-content\/uploads\/2024\/01\/imagen-63655-2.jpg 977w, https:\/\/corrientesdetarde.com\/wp-content\/uploads\/2024\/01\/imagen-63655-2-300x179.jpg 300w, https:\/\/corrientesdetarde.com\/wp-content\/uploads\/2024\/01\/imagen-63655-2-768x458.jpg 768w\" sizes=\"auto, (max-width: 977px) 100vw, 977px\" \/><\/figure>\n\n\n\n<figure class=\"wp-block-image size-large\"><img loading=\"lazy\" decoding=\"async\" width=\"1024\" height=\"677\" data-id=\"120937\" src=\"https:\/\/corrientesdetarde.com\/wp-content\/uploads\/2024\/01\/imagen-63654-1-1024x677.jpg\" alt=\"\" class=\"wp-image-120937\" srcset=\"https:\/\/corrientesdetarde.com\/wp-content\/uploads\/2024\/01\/imagen-63654-1-1024x677.jpg 1024w, https:\/\/corrientesdetarde.com\/wp-content\/uploads\/2024\/01\/imagen-63654-1-300x198.jpg 300w, https:\/\/corrientesdetarde.com\/wp-content\/uploads\/2024\/01\/imagen-63654-1-768x508.jpg 768w, https:\/\/corrientesdetarde.com\/wp-content\/uploads\/2024\/01\/imagen-63654-1.jpg 1280w\" sizes=\"auto, (max-width: 1024px) 100vw, 1024px\" \/><\/figure>\n\n\n\n<figure class=\"wp-block-image size-large\"><img loading=\"lazy\" decoding=\"async\" width=\"1024\" height=\"763\" data-id=\"120938\" src=\"https:\/\/corrientesdetarde.com\/wp-content\/uploads\/2024\/01\/imagen-63653-1-1024x763.jpg\" alt=\"\" class=\"wp-image-120938\" srcset=\"https:\/\/corrientesdetarde.com\/wp-content\/uploads\/2024\/01\/imagen-63653-1-1024x763.jpg 1024w, https:\/\/corrientesdetarde.com\/wp-content\/uploads\/2024\/01\/imagen-63653-1-300x223.jpg 300w, https:\/\/corrientesdetarde.com\/wp-content\/uploads\/2024\/01\/imagen-63653-1-768x572.jpg 768w, https:\/\/corrientesdetarde.com\/wp-content\/uploads\/2024\/01\/imagen-63653-1.jpg 1141w\" sizes=\"auto, (max-width: 1024px) 100vw, 1024px\" \/><\/figure>\n<\/figure>\n","protected":false},"excerpt":{"rendered":"<p>El gobernador Gustavo Vald\u00e9s visit\u00f3 el jueves por la tarde la ciudad de Esquina, donde en primer lugar, junto al intendente Hugo Ben\u00edtez, recorri\u00f3 la zona de la Costanera que&hellip; <\/p>\n","protected":false},"author":12,"featured_media":120932,"comment_status":"closed","ping_status":"open","sticky":false,"template":"","format":"standard","meta":{"footnotes":""},"categories":[26],"tags":[],"class_list":["post-120926","post","type-post","status-publish","format-standard","has-post-thumbnail","hentry","category-destacados"],"_links":{"self":[{"href":"https:\/\/corrientesdetarde.com\/index.php\/wp-json\/wp\/v2\/posts\/120926","targetHints":{"allow":["GET"]}}],"collection":[{"href":"https:\/\/corrientesdetarde.com\/index.php\/wp-json\/wp\/v2\/posts"}],"about":[{"href":"https:\/\/corrientesdetarde.com\/index.php\/wp-json\/wp\/v2\/types\/post"}],"author":[{"embeddable":true,"href":"https:\/\/corrientesdetarde.com\/index.php\/wp-json\/wp\/v2\/users\/12"}],"replies":[{"embeddable":true,"href":"https:\/\/corrientesdetarde.com\/index.php\/wp-json\/wp\/v2\/comments?post=120926"}],"version-history":[{"count":1,"href":"https:\/\/corrientesdetarde.com\/index.php\/wp-json\/wp\/v2\/posts\/120926\/revisions"}],"predecessor-version":[{"id":120939,"href":"https:\/\/corrientesdetarde.com\/index.php\/wp-json\/wp\/v2\/posts\/120926\/revisions\/120939"}],"wp:featuredmedia":[{"embeddable":true,"href":"https:\/\/corrientesdetarde.com\/index.php\/wp-json\/wp\/v2\/media\/120932"}],"wp:attachment":[{"href":"https:\/\/corrientesdetarde.com\/index.php\/wp-json\/wp\/v2\/media?parent=120926"}],"wp:term":[{"taxonomy":"category","embeddable":true,"href":"https:\/\/corrientesdetarde.com\/index.php\/wp-json\/wp\/v2\/categories?post=120926"},{"taxonomy":"post_tag","embeddable":true,"href":"https:\/\/corrientesdetarde.com\/index.php\/wp-json\/wp\/v2\/tags?post=120926"}],"curies":[{"name":"wp","href":"https:\/\/api.w.org\/{rel}","templated":true}]}}