{"id":120976,"date":"2024-01-26T11:53:42","date_gmt":"2024-01-26T14:53:42","guid":{"rendered":"https:\/\/corrientesdetarde.com\/?p=120976"},"modified":"2024-01-26T14:38:56","modified_gmt":"2024-01-26T17:38:56","slug":"arranco-la-audiencia-publica-con-las-distribuidoras-de-luz-para-definir-los-nuevos-aumentos-en-el-amba","status":"publish","type":"post","link":"https:\/\/corrientesdetarde.com\/index.php\/economia\/arranco-la-audiencia-publica-con-las-distribuidoras-de-luz-para-definir-los-nuevos-aumentos-en-el-amba\/","title":{"rendered":"Arranc\u00f3 la audiencia p\u00fablica con las distribuidoras de luz para definir los nuevos aumentos en el AMBA"},"content":{"rendered":"\n<p>La\u00a0<strong>primera audiencia p\u00fablica\u00a0<\/strong>con las\u00a0<strong>distribuidoras de electricidad<\/strong>\u00a0del \u00c1rea Metropolitana de Buenos Aires (<strong>AMBA<\/strong>) para abordar los\u00a0<strong>incrementos de la tarifa de luz<\/strong>\u00a0arranc\u00f3 tras m\u00e1s de dos horas de demoras \u201cpor problemas t\u00e9cnicos\u201d. El encuentro estaba previsto para las 8.30 pero se posterg\u00f3. Se espera que en el inicio hable el secretario de Energ\u00eda,\u00a0<strong>Eduardo Rodr\u00edguez Chirillo<\/strong>, da detalles sobre el estado del sistema y el el esquema de subsidios.<\/p>\n\n\n\n<p>\u201cSoy optimista para la pronta recuperaci\u00f3n del sector, aunque el camino al principio ser\u00e1 dif\u00edcil\u201d, remarc\u00f3 el funcionario y abund\u00f3 que esa situaci\u00f3n se da porque \u201cle hicieron creer a los usuarios que pagando precios bajos o subsidiado, pagaban el precio justo\u201d. Chirillo dijo que \u201cla tarifa plena no es tal, es artificialmente plena\u201d a\u00fan para aquellas personas a las que le quitaron de manera total la asistencia estatal por el mecanismo de segmentaci\u00f3n.<\/p>\n\n\n\n<p>El factor de&nbsp;<strong>distribuci\u00f3n&nbsp;<\/strong>es uno de los principales componentes de la tarifa final, junto con los de generaci\u00f3n y transporte, adem\u00e1s de la carga tributaria representada por los impuestos y tasas de la Naci\u00f3n, las provincias y los municipios.<\/p>\n\n\n\n<p>As\u00ed, a comienzos de enero, el ente regulador convoc\u00f3 a las empresas\u00a0<strong>Edenor<\/strong>\u00a0y<strong>\u00a0Edesur\u00a0<\/strong>\u201ccon el objeto de poner en conocimiento y escuchar opiniones respecto a las propuestas de las concesionarias del servicio p\u00fablico de distribuci\u00f3n de energ\u00eda el\u00e9ctrica\u201d.<\/p>\n\n\n\n<p>Durante la audiencia, las compa\u00f1\u00edas presentar\u00e1n sus planes de&nbsp;<strong>adecuaci\u00f3n tarifaria, costos e ingresos necesarios para el plan de inversiones<\/strong>. Rodr\u00edguez Chirillo ser\u00e1 el primer orador luego de la presentaci\u00f3n a cargo del interventor del ENRE,&nbsp;<strong>Dar\u00edo Arru\u00e9<\/strong>, y luego intervendr\u00e1n los representantes de Edenor,&nbsp;<strong>Guido Hern\u00e1ndez<\/strong>, y de Edesur,&nbsp;<strong>Jorge Lemos<\/strong>.<\/p>\n\n\n\n<p>Los tres ser\u00e1n los \u00fanicos con un&nbsp;<strong>tiempo de intervenci\u00f3n<\/strong>&nbsp;de 20 minutos cada uno, ya que los 26 representantes de personas jur\u00eddicas dispondr\u00e1n de un m\u00e1ximo de 10 minutos, en tanto los 34 particulares interesados contar\u00e1n con no m\u00e1s de cinco minutos. Si se cumplen los plazos establecidos, la audiencia tendr\u00e1 una duraci\u00f3n de m\u00e1s de seis horas.<\/p>\n\n\n\n<figure class=\"wp-block-image\"><img decoding=\"async\" src=\"https:\/\/tn.com.ar\/resizer\/FQOlLxktXVGW56vYaBE-j4ZAnZ8=\/767x0\/smart\/filters:format(webp)\/cloudfront-us-east-1.images.arcpublishing.com\/artear\/6GOBHTGWJZCV3OKNP4ZZUCHJMA.png\" alt=\"Tarifas de luz: el Gobierno avanza en la adecuaci\u00f3n de costos. (Imagen ilustrativa: AdobeStock)\"\/><figcaption>Tarifas de luz: el Gobierno avanza en la adecuaci\u00f3n de costos. (Imagen ilustrativa: AdobeStock)<\/figcaption><\/figure>\n\n\n\n<p>Desde<strong>&nbsp;Edesur&nbsp;<\/strong>indicaron en un documento que \u201cla solicitud del requerimiento de ingresos se calcul\u00f3 a la fecha 31\/12\/2023, y por simple l\u00f3gica -para que la misma<strong>&nbsp;tenga validez en un contexto de alta inflaci\u00f3n<\/strong>&nbsp;<strong>en los sucesivos meses<\/strong>&#8211; debe necesariamente estar acompa\u00f1ada de una&nbsp;<strong>forma de actualizaci\u00f3n que mantenga los ingresos en t\u00e9rminos reales<\/strong>&nbsp;frente a las variaciones de costos\u201d.<\/p>\n\n\n\n<p>En cuanto al requerimiento de ingresos, la distribuidora consider\u00f3 \u201cal menos&nbsp;<strong>$330.000 millones<\/strong>&nbsp;adicionales a los actualmente percibidos en concepto de CPD (Costo Propio de Distribuci\u00f3n) al 31 de diciembre de 2023 y con una<strong>&nbsp;actualizaci\u00f3n mensual<\/strong>\u201d.<\/p>\n\n\n\n<p>Por su parte,\u00a0<strong>Edenor\u00a0<\/strong>indic\u00f3 en declaraciones medi\u00e1ticas que \u201ces necesaria una readecuaci\u00f3n de ingresos, previamente al cumplimiento de la revisi\u00f3n tarifaria integral pendiente de realizaci\u00f3n\u201d. Y se\u00f1al\u00f3 que \u201clos requerimientos anuales de estos conceptos de Valor Agregado de Distribuci\u00f3n (VAD), valuados en pesos de diciembre 2023, adicionales a los percibidos actualmente, ascienden a\u00a0<strong>$521.303 millones<\/strong>\u00a0a los efectos de cubrir el d\u00e9ficit\u201d.<\/p>\n\n\n\n<p>La convocatoria se completar\u00e1 el&nbsp;<strong>lunes 29 de enero<\/strong>&nbsp;con una segunda audiencia en la que se analizar\u00e1n los pedidos de las&nbsp;<strong>transportadoras&nbsp;<\/strong>de todo el pa\u00eds, en tanto fuera del AMBA los servicios de distribuci\u00f3n son de jurisdicci\u00f3n provincial.<\/p>\n\n\n\n<h2 class=\"wp-block-heading\">Un intendente del conurbano present\u00f3 un amparo para frenar la audiencia<\/h2>\n\n\n\n<p>Poco antes del debate para definir las tarifas de electricidad, el intendente de Esteban Echeverr\u00eda<strong>,\u00a0Fernando Gray, present\u00f3 una cautelar\u00a0contra el ENRE para intentar frenar el alza en las boletas,<\/strong>\u00a0como anticip\u00f3<strong>\u00a0TN<\/strong>. La presentaci\u00f3n se hizo en el juzgado en lo contencioso federal n\u00famero 3 de Lomas de Zamora.<\/p>\n\n\n\n<figure class=\"wp-block-image\"><img decoding=\"async\" src=\"https:\/\/tn.com.ar\/resizer\/Cfv4SqeBXRUaw3tN2WfEDAzEUkU=\/767x0\/smart\/filters:format(webp)\/cloudfront-us-east-1.images.arcpublishing.com\/artear\/5RL5YUQLHRGPFBUEG5QYGMNQRE.jfif\" alt=\"El intendente de Esteban Echeverr\u00eda, Fernando Gray, present\u00f3 una cautelar contra el ENRE por la convocatoria a la audiencia p\u00fablica para subir las tarifas de luz. (Foto: X\/@fernandogray)\"\/><figcaption>El intendente de Esteban Echeverr\u00eda, Fernando Gray, present\u00f3 una cautelar contra el ENRE por la convocatoria a la audiencia p\u00fablica para subir las tarifas de luz. (Foto: X\/@fernandogray)<\/figcaption><\/figure>\n\n\n\n<p>Gray, ex presidente del PJ, logr\u00f3 esta semana que un juzgado de ese distrito suspendiera las audiencias para aumentar en febrero los precios del boleto de colectivos y trenes en el \u00c1rea Metropolitana de Buenos Aires.<\/p>\n","protected":false},"excerpt":{"rendered":"<p>La\u00a0primera audiencia p\u00fablica\u00a0con las\u00a0distribuidoras de electricidad\u00a0del \u00c1rea Metropolitana de Buenos Aires (AMBA) para abordar los\u00a0incrementos de la tarifa de luz\u00a0arranc\u00f3 tras m\u00e1s de dos horas de demoras \u201cpor problemas t\u00e9cnicos\u201d.&hellip; <\/p>\n","protected":false},"author":12,"featured_media":120994,"comment_status":"closed","ping_status":"open","sticky":false,"template":"","format":"standard","meta":{"footnotes":""},"categories":[20],"tags":[],"class_list":["post-120976","post","type-post","status-publish","format-standard","has-post-thumbnail","hentry","category-economia"],"_links":{"self":[{"href":"https:\/\/corrientesdetarde.com\/index.php\/wp-json\/wp\/v2\/posts\/120976","targetHints":{"allow":["GET"]}}],"collection":[{"href":"https:\/\/corrientesdetarde.com\/index.php\/wp-json\/wp\/v2\/posts"}],"about":[{"href":"https:\/\/corrientesdetarde.com\/index.php\/wp-json\/wp\/v2\/types\/post"}],"author":[{"embeddable":true,"href":"https:\/\/corrientesdetarde.com\/index.php\/wp-json\/wp\/v2\/users\/12"}],"replies":[{"embeddable":true,"href":"https:\/\/corrientesdetarde.com\/index.php\/wp-json\/wp\/v2\/comments?post=120976"}],"version-history":[{"count":2,"href":"https:\/\/corrientesdetarde.com\/index.php\/wp-json\/wp\/v2\/posts\/120976\/revisions"}],"predecessor-version":[{"id":121005,"href":"https:\/\/corrientesdetarde.com\/index.php\/wp-json\/wp\/v2\/posts\/120976\/revisions\/121005"}],"wp:featuredmedia":[{"embeddable":true,"href":"https:\/\/corrientesdetarde.com\/index.php\/wp-json\/wp\/v2\/media\/120994"}],"wp:attachment":[{"href":"https:\/\/corrientesdetarde.com\/index.php\/wp-json\/wp\/v2\/media?parent=120976"}],"wp:term":[{"taxonomy":"category","embeddable":true,"href":"https:\/\/corrientesdetarde.com\/index.php\/wp-json\/wp\/v2\/categories?post=120976"},{"taxonomy":"post_tag","embeddable":true,"href":"https:\/\/corrientesdetarde.com\/index.php\/wp-json\/wp\/v2\/tags?post=120976"}],"curies":[{"name":"wp","href":"https:\/\/api.w.org\/{rel}","templated":true}]}}