{"id":120998,"date":"2024-01-26T13:43:36","date_gmt":"2024-01-26T16:43:36","guid":{"rendered":"https:\/\/corrientesdetarde.com\/?p=120998"},"modified":"2024-01-26T13:45:53","modified_gmt":"2024-01-26T16:45:53","slug":"copa-de-la-liga-independiente-debuta-ante-su-homonimo-de-mendoza","status":"publish","type":"post","link":"https:\/\/corrientesdetarde.com\/index.php\/deportes\/copa-de-la-liga-independiente-debuta-ante-su-homonimo-de-mendoza\/","title":{"rendered":"COPA DE LA LIGA: INDEPENDIENTE DEBUTA ANTE SU HOM\u00d3NIMO DE MENDOZA"},"content":{"rendered":"\n<p>(Corresponsal\u00eda Buenos Aires) &#8211; El equipo de Carlos Tevez inicia su camino futbolero en el 2024 en una jornada que tendr\u00e1 cuatro partidos.<\/p>\n\n\n\n<p>Tras las igualdades entre Tigre y Sarmiento, Instituto y Riestra, Atl\u00e9tico Tucum\u00e1n ante Central m\u00e1s el triunfo de Newell&#8217;s sobre el final en Santiago ante Central C\u00f3rdoba, la Copa de la Liga profesional continuar\u00e1 este viernes con m\u00faltiples encuentros.<\/p>\n\n\n\n<p>En primer turno, desde las 18, Barracas Central estar\u00e1 recibiendo a V\u00e9lez. Ya sin Iv\u00e1n Tapia (se march\u00f3 a San Lorenzo) y bajo la direcci\u00f3n t\u00e9cnica de Alejandro Orfila el guapo buscar\u00e1 empezar con el pie derecho ante un fort\u00edn que viene de escapar del descenso sobre el final del 2023.<\/p>\n\n\n\n<p>Posteriormente, a partir de las 19, Talleres recibir\u00e1 en C\u00f3rdoba a Gimnasia. El conjunto cordob\u00e9s, que viene de cerrar en las \u00faltimas horas la contrataci\u00f3n del ex delantero de Racing Gustavo Bou, se medir\u00e1 a un lobo que mantuvo su lugar en la m\u00e1xima categor\u00eda tras superar en el partido desempate por el descenso a Col\u00f3n de Santa Fe.<\/p>\n\n\n\n<p>El plato fuerte de la jornada llegar\u00e1 desde las 21.15, conjuntamente con el duelo entre Banfield y Hurac\u00e1n en el sur. Hablamos del encuentro que sostendr\u00e1n en Mendoza el reci\u00e9n ascendido Independiente Rivadavia ante el rojo de Carlos Tevez. El equipo de Avellaneda, sin competencias internacionales este a\u00f1o, ir\u00e1 por todo en el \u00e1mbito local, y para eso contar\u00e1 con nombres del calibre de Gabriel \u00c1valos y el ecuatoriano Johnny Qui\u00f1onez.<\/p>\n","protected":false},"excerpt":{"rendered":"<p>(Corresponsal\u00eda Buenos Aires) &#8211; El equipo de Carlos Tevez inicia su camino futbolero en el 2024 en una jornada que tendr\u00e1 cuatro partidos. Tras las igualdades entre Tigre y Sarmiento,&hellip; <\/p>\n","protected":false},"author":11,"featured_media":77052,"comment_status":"closed","ping_status":"open","sticky":false,"template":"","format":"standard","meta":{"footnotes":""},"categories":[4],"tags":[],"class_list":["post-120998","post","type-post","status-publish","format-standard","has-post-thumbnail","hentry","category-deportes"],"_links":{"self":[{"href":"https:\/\/corrientesdetarde.com\/index.php\/wp-json\/wp\/v2\/posts\/120998","targetHints":{"allow":["GET"]}}],"collection":[{"href":"https:\/\/corrientesdetarde.com\/index.php\/wp-json\/wp\/v2\/posts"}],"about":[{"href":"https:\/\/corrientesdetarde.com\/index.php\/wp-json\/wp\/v2\/types\/post"}],"author":[{"embeddable":true,"href":"https:\/\/corrientesdetarde.com\/index.php\/wp-json\/wp\/v2\/users\/11"}],"replies":[{"embeddable":true,"href":"https:\/\/corrientesdetarde.com\/index.php\/wp-json\/wp\/v2\/comments?post=120998"}],"version-history":[{"count":2,"href":"https:\/\/corrientesdetarde.com\/index.php\/wp-json\/wp\/v2\/posts\/120998\/revisions"}],"predecessor-version":[{"id":121000,"href":"https:\/\/corrientesdetarde.com\/index.php\/wp-json\/wp\/v2\/posts\/120998\/revisions\/121000"}],"wp:featuredmedia":[{"embeddable":true,"href":"https:\/\/corrientesdetarde.com\/index.php\/wp-json\/wp\/v2\/media\/77052"}],"wp:attachment":[{"href":"https:\/\/corrientesdetarde.com\/index.php\/wp-json\/wp\/v2\/media?parent=120998"}],"wp:term":[{"taxonomy":"category","embeddable":true,"href":"https:\/\/corrientesdetarde.com\/index.php\/wp-json\/wp\/v2\/categories?post=120998"},{"taxonomy":"post_tag","embeddable":true,"href":"https:\/\/corrientesdetarde.com\/index.php\/wp-json\/wp\/v2\/tags?post=120998"}],"curies":[{"name":"wp","href":"https:\/\/api.w.org\/{rel}","templated":true}]}}