{"id":121001,"date":"2024-01-26T15:07:36","date_gmt":"2024-01-26T18:07:36","guid":{"rendered":"https:\/\/corrientesdetarde.com\/?p=121001"},"modified":"2024-01-26T15:07:41","modified_gmt":"2024-01-26T18:07:41","slug":"corrientes-comienza-a-vivir-una-nueva-edicion-de-sus-carnavales-oficiales","status":"publish","type":"post","link":"https:\/\/corrientesdetarde.com\/index.php\/eventos\/corrientes-comienza-a-vivir-una-nueva-edicion-de-sus-carnavales-oficiales\/","title":{"rendered":"Corrientes comienza a vivir una nueva edici\u00f3n de sus carnavales oficiales"},"content":{"rendered":"\n<p>Cuando a las 22 Samba Total ponga a su primer integrante en la calzada del cors\u00f3dromo &#8220;Nolo&#8221; Al\u00edas, la Capital Nacional del Carnaval iniciar\u00e1 la competencia n\u00famero 50 de las comparsas, en lo que constituye la edici\u00f3n dorada de los Corsos Oficiales.<\/p>\n\n\n\n<p>Antes del inicio del desfile, se program\u00f3 para las 21 el corte de cinta, que es una cuesti\u00f3n de protocolo que contar\u00e1 con autoridades provinciales, municipales e invitados especiales en lo que ser\u00e1 el comienzo de los fastos de una edici\u00f3n especial por el 50\u00b0 desfile oficial. La Fiesta de la Capital Nacional del Carnaval cortar\u00e1 cinta este viernes, a las 21, en el cors\u00f3dromo &#8220;Nolo&#8221; Al\u00edas. Las miradas est\u00e1n puestas en la organizaci\u00f3n y en manos de la firma De la estrella, que por primera vez organiza este espect\u00e1culo. Las diez noches de competencia prometen un desfile intenso.<\/p>\n\n\n\n<p>El carnaval en Corrientes se remonta al siglo XIX, antes de la Guerra de la Triple Alianza, pero la competencia y el formato como se lo conoce hoy comenz\u00f3 oficialmente en 1961, con Ara Ber\u00e1 y Copacabana en competencia. Durante su historia, algunas ediciones no se realizaron, por lo cual en el 2024, la denominada &#8220;Fiesta de Momo&#8221; cumplir\u00e1 con su 50\u00b0 desfile oficial.<\/p>\n\n\n\n<p>En ese marco, tambi\u00e9n hay una marcada expectativa por el rol que cumplir\u00e1n los flamantes organizadores de los corsos, que desarrollan su primera experiencia en llevar adelante los fastos que tienen una historia que trasciende gobiernos -y ya los siglos- con su retorno en esta etapa de modernidad.<\/p>\n\n\n\n<figure class=\"wp-block-image size-large\"><img loading=\"lazy\" decoding=\"async\" width=\"1024\" height=\"683\" src=\"https:\/\/corrientesdetarde.com\/wp-content\/uploads\/2024\/01\/image-228-1024x683.png\" alt=\"\" class=\"wp-image-121025\" srcset=\"https:\/\/corrientesdetarde.com\/wp-content\/uploads\/2024\/01\/image-228-1024x683.png 1024w, https:\/\/corrientesdetarde.com\/wp-content\/uploads\/2024\/01\/image-228-300x200.png 300w, https:\/\/corrientesdetarde.com\/wp-content\/uploads\/2024\/01\/image-228-768x512.png 768w, https:\/\/corrientesdetarde.com\/wp-content\/uploads\/2024\/01\/image-228.png 1200w\" sizes=\"auto, (max-width: 1024px) 100vw, 1024px\" \/><\/figure>\n\n\n\n<p><strong>La competencia<\/strong><\/p>\n\n\n\n<p>Claro que desfilar por el cors\u00f3dromo &#8220;Nolo&#8221; Al\u00edas es una cuesti\u00f3n de pasi\u00f3n y de poner el cuerpo y el alma, con la idea de darlo todo para alzarse con el triunfo. De esa forma, las comparsas se prepararon para disputarle el trono a Sapucay en comparsa y a Samba Total en bater\u00eda, quienes se quedaron con los premios mayores de la edici\u00f3n 2023.<\/p>\n\n\n\n<p>La competencia se pone interesante y cada una promete una evoluci\u00f3n art\u00edstica respecto de la edici\u00f3n anterior. En esta nota te presentamos un repaso por los temas que proponen las cuatro comparsas y cinco agrupaciones musicales.<\/p>\n\n\n\n<p>Por el lado de Ara Ber\u00e1, hay un compromiso marcado a fuego de recuperar la gloria y volver a gritar &#8220;campe\u00f3n&#8221;. Por ello, la comparsa del &#8220;Rayo&#8221; propone un emotivo espect\u00e1culo con &#8220;Paran\u00e1 profundo&#8221;, una leyenda creada por la comparsa.<\/p>\n\n\n\n<p>En tanto, su eterna rival, Copacabana, hizo lo propio con &#8220;M\u00e9xico, el sue\u00f1o de la chaparrita&#8221;, historia que transcurrir\u00e1 en torno a su principal protagonista &#8220;Lupita&#8221;. La \u00faltima campeona del carnaval, la comparsa Sapucay, mover\u00e1 su maquinaria con &#8220;El gran viaje&#8221;, una mirada centrada en el trencito &#8220;El Econ\u00f3mico&#8221; que funcion\u00f3 en Corrientes.<\/p>\n\n\n\n<p>En tanto, Arand\u00fa Beleza, que viene en ascenso, desfilar\u00e1 con la tem\u00e1tica egipcia &#8220;Furia de las diosas&#8221;. &#8220;Tomamos el per\u00edodo de Akhenaton y centramos todo en las diosas de ese tiempo&#8221;, explicaron desde la comparsa en referencia al d\u00e9cimo fara\u00f3n de la dinast\u00eda XVIII de Egipto.<\/p>\n\n\n\n<p>De esta manera, las protagonistas de la categor\u00eda comparsa pusieron sus cartas sobre la mesa y la carrera por la gloria comenz\u00f3 a acelerarse a cuatro meses del inicio de los desfiles.<\/p>\n\n\n\n<p>La \u00faltima campeona de la categor\u00eda fue de las primeras en soltar al viento su propuesta y, de esta manera, anunci\u00f3 que ser\u00e1 &#8220;Samba Total Music Hall&#8221;, un derroche de lujo y alegr\u00eda que revela los misterios de los grandes espect\u00e1culos ic\u00f3nicos. En tanto, Samba Show ser\u00e1 &#8220;La pionera de aquellos a\u00f1os&#8221;, un homenaje a su instituci\u00f3n que naci\u00f3 hace 44 a\u00f1os.<\/p>\n\n\n\n<p>Por el lado de Imperio Bahiano, propondr\u00e1 &#8220;El gran show, le cabaret&#8221;. Mientras que Kamandukahia rendir\u00e1 un homenaje a &#8220;Sandro de Am\u00e9rica&#8221;. Por \u00faltimo, Sambanda eligi\u00f3 &#8220;A cielo abierto&#8221;, basado en el anhelo del hombre de alcanzar lo m\u00e1s alto.<\/p>\n\n\n\n<p>Un detalle que suele ser habitual para estas fechas es que muchos de los participantes no llegan a tiempo con la terminaci\u00f3n de los detalles de los muy elaborados trajes, por lo que recurren a las dise\u00f1adoras y creativas de la moda para ajustes de \u00faltimo momento.<\/p>\n\n\n\n<figure class=\"wp-block-image size-full\"><img loading=\"lazy\" decoding=\"async\" width=\"1000\" height=\"666\" src=\"https:\/\/corrientesdetarde.com\/wp-content\/uploads\/2024\/01\/image-229.png\" alt=\"\" class=\"wp-image-121026\" srcset=\"https:\/\/corrientesdetarde.com\/wp-content\/uploads\/2024\/01\/image-229.png 1000w, https:\/\/corrientesdetarde.com\/wp-content\/uploads\/2024\/01\/image-229-300x200.png 300w, https:\/\/corrientesdetarde.com\/wp-content\/uploads\/2024\/01\/image-229-768x511.png 768w\" sizes=\"auto, (max-width: 1000px) 100vw, 1000px\" \/><\/figure>\n\n\n\n<p><strong>Controles rigurosos en el tr\u00e1nsito<\/strong><\/p>\n\n\n\n<p>Ante la previsi\u00f3n de la masiva concurrencia al corsodromo Nolo Al\u00edas, habr\u00e1 un operativo de seguridad vial con rigurosos controles, esencialmente en la cuesti\u00f3n del consumo de alcohol. Desde la Municipalidad de Corrientes confirmaron que habr\u00e1 personal del \u00e1rea de Tr\u00e1nsito todas las noches de desfile, desde las 18 hasta las 7 del d\u00eda siguiente.<\/p>\n\n\n\n<p>Adem\u00e1s, habr\u00e1 controles de alcoholemia y del cumplimiento de las medidas de seguridad; en el caso de motocicletas, la circulaci\u00f3n con el casco y en veh\u00edculos el uso de cintur\u00f3n.<\/p>\n\n\n\n<p>Los operativos realizar\u00e1 el personal de la Secretar\u00eda de Movilidad y Seguridad a cargo de Juan Acinas, quien explic\u00f3 que se dispondr\u00e1 de agentes del \u00e1rea, adem\u00e1s de la Polic\u00eda de la Provincia, en la intersecci\u00f3n de la avenida Libertad y Ruta Nacional N\u00b012.<\/p>\n\n\n\n<p>&#8220;Los conductores que deseen ir al cors\u00f3dromo deber\u00e1n circular por la nueva calzada hasta la Ruta Provincial N\u00b043, pasar por debajo del puente y en ese lugar se los derivar\u00e1 por colectora al aeropuerto o al Perich\u00f3n, dependiendo de su entrada&#8221;, precis\u00f3. En tanto que la calzada tradicional de Ruta 12 estar\u00e1 habilitada para transitar desde el cors\u00f3dromo hacia la ciudad, detall\u00f3.<\/p>\n\n\n\n<p>El funcionario comunic\u00f3 que se trabajar\u00e1 en forma coordinada entre los inspectores de Tr\u00e1nsito junto al personal de la Polic\u00eda de la Provincia de Corrientes, que guiar\u00e1n y brindar\u00e1n informaci\u00f3n a los conductores. Y remarc\u00f3 que &#8220;no va a estar habilitado el ingreso a la ruta por R\u00edo Chico, las \u00fanicas v\u00edas habilitadas ser\u00e1n por las avenidas Independencia, Centenario y Libertad&#8221;.<\/p>\n\n\n\n<figure class=\"wp-block-image size-large\"><img loading=\"lazy\" decoding=\"async\" width=\"1024\" height=\"684\" src=\"https:\/\/corrientesdetarde.com\/wp-content\/uploads\/2024\/01\/image-230-1024x684.png\" alt=\"\" class=\"wp-image-121027\" srcset=\"https:\/\/corrientesdetarde.com\/wp-content\/uploads\/2024\/01\/image-230-1024x684.png 1024w, https:\/\/corrientesdetarde.com\/wp-content\/uploads\/2024\/01\/image-230-300x201.png 300w, https:\/\/corrientesdetarde.com\/wp-content\/uploads\/2024\/01\/image-230-768x513.png 768w, https:\/\/corrientesdetarde.com\/wp-content\/uploads\/2024\/01\/image-230-1536x1027.png 1536w, https:\/\/corrientesdetarde.com\/wp-content\/uploads\/2024\/01\/image-230-2048x1369.png 2048w\" sizes=\"auto, (max-width: 1024px) 100vw, 1024px\" \/><\/figure>\n","protected":false},"excerpt":{"rendered":"<p>Cuando a las 22 Samba Total ponga a su primer integrante en la calzada del cors\u00f3dromo &#8220;Nolo&#8221; Al\u00edas, la Capital Nacional del Carnaval iniciar\u00e1 la competencia n\u00famero 50 de las&hellip; <\/p>\n","protected":false},"author":1,"featured_media":121024,"comment_status":"closed","ping_status":"open","sticky":false,"template":"","format":"standard","meta":{"footnotes":""},"categories":[22],"tags":[],"class_list":["post-121001","post","type-post","status-publish","format-standard","has-post-thumbnail","hentry","category-eventos"],"_links":{"self":[{"href":"https:\/\/corrientesdetarde.com\/index.php\/wp-json\/wp\/v2\/posts\/121001","targetHints":{"allow":["GET"]}}],"collection":[{"href":"https:\/\/corrientesdetarde.com\/index.php\/wp-json\/wp\/v2\/posts"}],"about":[{"href":"https:\/\/corrientesdetarde.com\/index.php\/wp-json\/wp\/v2\/types\/post"}],"author":[{"embeddable":true,"href":"https:\/\/corrientesdetarde.com\/index.php\/wp-json\/wp\/v2\/users\/1"}],"replies":[{"embeddable":true,"href":"https:\/\/corrientesdetarde.com\/index.php\/wp-json\/wp\/v2\/comments?post=121001"}],"version-history":[{"count":1,"href":"https:\/\/corrientesdetarde.com\/index.php\/wp-json\/wp\/v2\/posts\/121001\/revisions"}],"predecessor-version":[{"id":121028,"href":"https:\/\/corrientesdetarde.com\/index.php\/wp-json\/wp\/v2\/posts\/121001\/revisions\/121028"}],"wp:featuredmedia":[{"embeddable":true,"href":"https:\/\/corrientesdetarde.com\/index.php\/wp-json\/wp\/v2\/media\/121024"}],"wp:attachment":[{"href":"https:\/\/corrientesdetarde.com\/index.php\/wp-json\/wp\/v2\/media?parent=121001"}],"wp:term":[{"taxonomy":"category","embeddable":true,"href":"https:\/\/corrientesdetarde.com\/index.php\/wp-json\/wp\/v2\/categories?post=121001"},{"taxonomy":"post_tag","embeddable":true,"href":"https:\/\/corrientesdetarde.com\/index.php\/wp-json\/wp\/v2\/tags?post=121001"}],"curies":[{"name":"wp","href":"https:\/\/api.w.org\/{rel}","templated":true}]}}