{"id":121003,"date":"2024-01-26T14:48:03","date_gmt":"2024-01-26T17:48:03","guid":{"rendered":"https:\/\/corrientesdetarde.com\/?p=121003"},"modified":"2024-01-26T14:49:10","modified_gmt":"2024-01-26T17:49:10","slug":"sueldos-valdes-anuncio-aumento-del-20-por-ciento-a-partir-de-febrero-para-la-administracion-publica-provincial","status":"publish","type":"post","link":"https:\/\/corrientesdetarde.com\/index.php\/locales\/sueldos-valdes-anuncio-aumento-del-20-por-ciento-a-partir-de-febrero-para-la-administracion-publica-provincial\/","title":{"rendered":"Sueldos: Vald\u00e9s anunci\u00f3 aumento del 20 por ciento a partir de febrero para la administraci\u00f3n p\u00fablica provincial"},"content":{"rendered":"\n<p>En el marco de su visita a la ciudad de Esquina y en contacto con medios locales, el gobernador Gustavo Vald\u00e9s comunic\u00f3 que la Provincia otorgar\u00e1 un aumento del 20 por ciento al sueldo en todas las categor\u00edas para los estatales, activos y pasivos, que se har\u00e1 efectivo con los haberes del mes de febrero. Asimismo, precis\u00f3 que habr\u00e1 tambi\u00e9n incrementos del mismo porcentaje en el plus unificado y de refuerzo.<\/p>\n\n\n\n<p>A su vez, Vald\u00e9s durante la recorrida que mantuvo con el intendente, Hugo Ben\u00edtez por distintas zonas de la ciudad, le ratific\u00f3 el compromiso del Gobierno para proyectar y desplegar el respectivo soporte t\u00e9cnico a fin de reparar la zona de la Costanera local que se desmoron\u00f3 a consecuencia de las lluvias.<\/p>\n\n\n\n<p>Respecto a la emergencia h\u00eddrica, el mandatario manifest\u00f3 que el panorama se complic\u00f3 ya que en 15 d\u00edas llovieron mil mil\u00edmetros, de los cuales 500 fueron en apenas dos d\u00edas. \u201cSon las inclemencias del tiempo que nos generan estos problemas y esperamos que no se repitan y que las lluvias tengan valores normales\u201d, asever\u00f3 el gobernador, se\u00f1alando que \u201choy estamos recuperando el nivel de agua que tiene Corrientes, con 40% del espejo de agua total de la provincia\u201d.<\/p>\n\n\n\n<p>Por su parte, Vald\u00e9s confirm\u00f3 que a fin de fortalecer el sistema de desag\u00fces de Esquina, la Provincia va a avanzar con la construcci\u00f3n de cuatros cuadras m\u00e1s con entubamiento en la calle El Ceibo y afirm\u00f3 que si bien los desag\u00fces en la ciudad funcionaron bastante bien ante las lluvias, hay sectores que necesitan mantenimiento.<\/p>\n\n\n\n<p>\u201cAnte la emergencia h\u00eddrica, es fundamental poder trabajar junto a todos los intendentes y municipios para salir adelante\u201d, dijo Vald\u00e9s para luego poner de relieve que en virtud de las contingencias generadas por el fen\u00f3meno climatol\u00f3gico, la Provincia dijo presente tanto en Esquina como en otras comunas afectadas, con asistencia y acompa\u00f1amiento permanente a trav\u00e9s de los ministerios, Defensa Civil, Polic\u00eda de Corrientes y otros organismos.<\/p>\n\n\n\n<p>Para culminar y al referirse a la problem\u00e1tica por el brote de dengue, el gobernador hizo un llamado la concientizaci\u00f3n para que la gente tome en cuenta las medidas preventivas para erradicar el mosquito de las casas, siendo en ese aspecto el descacharrizado una&nbsp;medida indispensable.<\/p>\n","protected":false},"excerpt":{"rendered":"<p>En el marco de su visita a la ciudad de Esquina y en contacto con medios locales, el gobernador Gustavo Vald\u00e9s comunic\u00f3 que la Provincia otorgar\u00e1 un aumento del 20&hellip; <\/p>\n","protected":false},"author":1,"featured_media":121016,"comment_status":"closed","ping_status":"open","sticky":false,"template":"","format":"standard","meta":{"footnotes":""},"categories":[8],"tags":[],"class_list":["post-121003","post","type-post","status-publish","format-standard","has-post-thumbnail","hentry","category-locales"],"_links":{"self":[{"href":"https:\/\/corrientesdetarde.com\/index.php\/wp-json\/wp\/v2\/posts\/121003","targetHints":{"allow":["GET"]}}],"collection":[{"href":"https:\/\/corrientesdetarde.com\/index.php\/wp-json\/wp\/v2\/posts"}],"about":[{"href":"https:\/\/corrientesdetarde.com\/index.php\/wp-json\/wp\/v2\/types\/post"}],"author":[{"embeddable":true,"href":"https:\/\/corrientesdetarde.com\/index.php\/wp-json\/wp\/v2\/users\/1"}],"replies":[{"embeddable":true,"href":"https:\/\/corrientesdetarde.com\/index.php\/wp-json\/wp\/v2\/comments?post=121003"}],"version-history":[{"count":1,"href":"https:\/\/corrientesdetarde.com\/index.php\/wp-json\/wp\/v2\/posts\/121003\/revisions"}],"predecessor-version":[{"id":121015,"href":"https:\/\/corrientesdetarde.com\/index.php\/wp-json\/wp\/v2\/posts\/121003\/revisions\/121015"}],"wp:featuredmedia":[{"embeddable":true,"href":"https:\/\/corrientesdetarde.com\/index.php\/wp-json\/wp\/v2\/media\/121016"}],"wp:attachment":[{"href":"https:\/\/corrientesdetarde.com\/index.php\/wp-json\/wp\/v2\/media?parent=121003"}],"wp:term":[{"taxonomy":"category","embeddable":true,"href":"https:\/\/corrientesdetarde.com\/index.php\/wp-json\/wp\/v2\/categories?post=121003"},{"taxonomy":"post_tag","embeddable":true,"href":"https:\/\/corrientesdetarde.com\/index.php\/wp-json\/wp\/v2\/tags?post=121003"}],"curies":[{"name":"wp","href":"https:\/\/api.w.org\/{rel}","templated":true}]}}