{"id":121004,"date":"2024-01-26T14:44:54","date_gmt":"2024-01-26T17:44:54","guid":{"rendered":"https:\/\/corrientesdetarde.com\/?p=121004"},"modified":"2024-01-26T14:45:06","modified_gmt":"2024-01-26T17:45:06","slug":"los-carnavales-barriales-2024-tuvieronsu-segunda-parada-en-el-industrial","status":"publish","type":"post","link":"https:\/\/corrientesdetarde.com\/index.php\/eventos\/los-carnavales-barriales-2024-tuvieronsu-segunda-parada-en-el-industrial\/","title":{"rendered":"<strong><br>Los Carnavales Barriales 2024 tuvieron<br>su segunda parada en el Industrial<\/strong>"},"content":{"rendered":"\n<p><em>Las 25 comparsas y agrupaciones musicales y humor\u00edsticas se presentaron en la noche del jueves en la avenida J.R. Fern\u00e1ndez ante un multitudinario p\u00fablico de m\u00e1s de 40.000 personas. Este evento cultural y tur\u00edstico aporta al desarrollo econ\u00f3mico de la ciudad con el importante movimiento comercial que genera para emprendedores y sector gastron\u00f3mico.<\/em><\/p>\n\n\n\n<p>El espect\u00e1culo \u00fanico que presentan los Carnavales Barriales desembarc\u00f3 por segunda noche este jueves en el Industrial, con un colorido desfile que congreg\u00f3 a unas 40.000 personas, entre vecinos y turistas.<br>Esta segunda parada es parte de un itinerario con un total de seis jornadas que concluir\u00e1 el pr\u00f3ximo 8 de febrero en la Costanera Sur y que desde la semana que viene sumar\u00e1 a las grandes comparsas del Carnaval Oficial.\u00a0<br>Participan un total de 1.956 comparseros pertenecientes a las 25 comparsas y agrupaciones musicales y humor\u00edsticas que, a\u00f1o a a\u00f1o, consolidan los Carnavales Barriales.<br>Es, a la vez, un evento cultural y tur\u00edstico organizado por la Municipalidad que aporta al desarrollo econ\u00f3mico de la ciudad con un importante movimiento comercial de emprendedores de diversos rubros y para el sector gastron\u00f3mico.<br>En esta segunda noche desfilaron: Poty Jera, grupo invitado del Centro de Jubilados de la Provincia; Yas\u00ed Por\u00e1; Osiris; Las Traviesas; Aramu; Payasos del Cacique; La Jaula de Las Locas; Imperial; Samba Pasi\u00f3n; Furia Loca, comparsa humor\u00edstica invitada; Camb\u00e1 Cu\u00e1 Show; Belleza Unida; Mita Jorhu; Bella Esperanza.<br>Luego se presentaron Sarava; Los Dandys; el personaje Dr\u00e1cula; Ara Por\u00e1; luego la banda invitada Mauri y El Arranke; Taragu\u00ed Por\u00e1; Mit\u00e1 Por\u00e1; Renacer; Rub\u00ed Show; Fantas\u00eda y Porto Carioca.<\/p>\n\n\n\n<figure class=\"wp-block-embed is-type-video is-provider-youtube wp-block-embed-youtube wp-embed-aspect-16-9 wp-has-aspect-ratio\"><div class=\"wp-block-embed__wrapper\">\n<iframe loading=\"lazy\" title=\"Los Carnavales Barriales 2024 tuvieron su segunda parada en el Industrial\" width=\"1110\" height=\"624\" src=\"https:\/\/www.youtube.com\/embed\/beYHUXVngeU?feature=oembed\" frameborder=\"0\" allow=\"accelerometer; autoplay; clipboard-write; encrypted-media; gyroscope; picture-in-picture; web-share\" allowfullscreen><\/iframe>\n<\/div><\/figure>\n\n\n\n<p>IMPULSO A LA CIUDAD<br>\u201cEstamos consolidando a Corrientes como ciudad de eventos, que son parte de la identidad de las familias correntinas\u201d, valor\u00f3 el intendente.<br>A su vez, destac\u00f3 la importancia de recorrer \u201cseis puntos estrat\u00e9gicos de la ciudad\u201d ya que \u201cvemos la presencia de los vecinos en cada una de las noches\u201d.<br>\u201cEste es un evento que genera movimiento econ\u00f3mico en la ciudad e invitamos a los correntinos y visitantes a participar\u201d, concluy\u00f3.<\/p>\n\n\n\n<figure class=\"wp-block-image size-large\"><img loading=\"lazy\" decoding=\"async\" width=\"1024\" height=\"682\" src=\"https:\/\/corrientesdetarde.com\/wp-content\/uploads\/2024\/01\/image-225-1024x682.png\" alt=\"\" class=\"wp-image-121010\" srcset=\"https:\/\/corrientesdetarde.com\/wp-content\/uploads\/2024\/01\/image-225-1024x682.png 1024w, https:\/\/corrientesdetarde.com\/wp-content\/uploads\/2024\/01\/image-225-300x200.png 300w, https:\/\/corrientesdetarde.com\/wp-content\/uploads\/2024\/01\/image-225-768x512.png 768w, https:\/\/corrientesdetarde.com\/wp-content\/uploads\/2024\/01\/image-225.png 1280w\" sizes=\"auto, (max-width: 1024px) 100vw, 1024px\" \/><\/figure>\n\n\n\n<p>APUESTA AL DESARROLLO<br>Por su parte, el secretario de Cultura y Educaci\u00f3n, Jos\u00e9 Sand destac\u00f3 la magnitud de la segunda noche de los carnavales barriales diciendo que \u201cvenimos trayendo la pasi\u00f3n de este evento en cada uno de los barrios\u201d.<br>\u201cContamos con una celebraci\u00f3n muy divertida para pasarla bien en familia, que tambi\u00e9n es impulso a emprendedores y feriantes\u201d, asever\u00f3.<\/p>\n\n\n\n<p>VOCES DE LOS PROTAGONISTAS<br>Por su parte, uno de los vecinos presente en el barrio Industrial, Daniel Barboza destac\u00f3 la organizaci\u00f3n del evento y la pasi\u00f3n que aportan los comparseros en cada una de las noches.\u00a0<br>En tanto, Laura Salinas, integrante de la agrupaci\u00f3n de los Payasos del Cacique sostuvo que por parte de la Municipalidad cuentan con \u201cun incentivo muy grande\u201d ya que \u201cdesde junio venimos trabajando y este es un evento que incluye a todos con la participaci\u00f3n de muchos adultos mayores\u201d.<\/p>\n\n\n\n<figure class=\"wp-block-image size-large\"><img loading=\"lazy\" decoding=\"async\" width=\"1024\" height=\"682\" src=\"https:\/\/corrientesdetarde.com\/wp-content\/uploads\/2024\/01\/image-226-1024x682.png\" alt=\"\" class=\"wp-image-121011\" srcset=\"https:\/\/corrientesdetarde.com\/wp-content\/uploads\/2024\/01\/image-226-1024x682.png 1024w, https:\/\/corrientesdetarde.com\/wp-content\/uploads\/2024\/01\/image-226-300x200.png 300w, https:\/\/corrientesdetarde.com\/wp-content\/uploads\/2024\/01\/image-226-768x512.png 768w, https:\/\/corrientesdetarde.com\/wp-content\/uploads\/2024\/01\/image-226.png 1280w\" sizes=\"auto, (max-width: 1024px) 100vw, 1024px\" \/><\/figure>\n","protected":false},"excerpt":{"rendered":"<p>Las 25 comparsas y agrupaciones musicales y humor\u00edsticas se presentaron en la noche del jueves en la avenida J.R. Fern\u00e1ndez ante un multitudinario p\u00fablico de m\u00e1s de 40.000 personas. Este&hellip; <\/p>\n","protected":false},"author":1,"featured_media":121012,"comment_status":"closed","ping_status":"open","sticky":false,"template":"","format":"standard","meta":{"footnotes":""},"categories":[22],"tags":[],"class_list":["post-121004","post","type-post","status-publish","format-standard","has-post-thumbnail","hentry","category-eventos"],"_links":{"self":[{"href":"https:\/\/corrientesdetarde.com\/index.php\/wp-json\/wp\/v2\/posts\/121004","targetHints":{"allow":["GET"]}}],"collection":[{"href":"https:\/\/corrientesdetarde.com\/index.php\/wp-json\/wp\/v2\/posts"}],"about":[{"href":"https:\/\/corrientesdetarde.com\/index.php\/wp-json\/wp\/v2\/types\/post"}],"author":[{"embeddable":true,"href":"https:\/\/corrientesdetarde.com\/index.php\/wp-json\/wp\/v2\/users\/1"}],"replies":[{"embeddable":true,"href":"https:\/\/corrientesdetarde.com\/index.php\/wp-json\/wp\/v2\/comments?post=121004"}],"version-history":[{"count":1,"href":"https:\/\/corrientesdetarde.com\/index.php\/wp-json\/wp\/v2\/posts\/121004\/revisions"}],"predecessor-version":[{"id":121013,"href":"https:\/\/corrientesdetarde.com\/index.php\/wp-json\/wp\/v2\/posts\/121004\/revisions\/121013"}],"wp:featuredmedia":[{"embeddable":true,"href":"https:\/\/corrientesdetarde.com\/index.php\/wp-json\/wp\/v2\/media\/121012"}],"wp:attachment":[{"href":"https:\/\/corrientesdetarde.com\/index.php\/wp-json\/wp\/v2\/media?parent=121004"}],"wp:term":[{"taxonomy":"category","embeddable":true,"href":"https:\/\/corrientesdetarde.com\/index.php\/wp-json\/wp\/v2\/categories?post=121004"},{"taxonomy":"post_tag","embeddable":true,"href":"https:\/\/corrientesdetarde.com\/index.php\/wp-json\/wp\/v2\/tags?post=121004"}],"curies":[{"name":"wp","href":"https:\/\/api.w.org\/{rel}","templated":true}]}}