{"id":121144,"date":"2024-01-27T08:59:48","date_gmt":"2024-01-27T11:59:48","guid":{"rendered":"https:\/\/corrientesdetarde.com\/?p=121144"},"modified":"2024-01-27T08:59:53","modified_gmt":"2024-01-27T11:59:53","slug":"corrientes-de-fiesta-inicio-la-50-alegria-de-ser-capital-del-carnaval","status":"publish","type":"post","link":"https:\/\/corrientesdetarde.com\/index.php\/cultura\/corrientes-de-fiesta-inicio-la-50-alegria-de-ser-capital-del-carnaval\/","title":{"rendered":"Corrientes de fiesta, inici\u00f3 la 50\u00b0 alegr\u00eda de ser capital del carnaval"},"content":{"rendered":"\n<p>El cors\u00f3dromo volvi\u00f3 a tomar vida ayer y en una jornada agradable comenz\u00f3 el primero de los 10 desfiles de competencia. El tradicional corte de cinta estuvo encabezado por el intendente Eduardo Tassano, acompa\u00f1ado de funcionarios provinciales y municipales.<\/p>\n\n\n\n<p>La edici\u00f3n dorada por el 50\u00b0 desfile oficial encendi\u00f3 ayer las luces del cors\u00f3dromo Nolo Al\u00edas para celebrar la primera jornada de competencia de la fiesta de la Capital Nacional del Carnaval con cuatro comparsas y cinco agrupaciones musicales. Previo a ello, el tradicional corte de cintas estuvo encabezado por el intendente Eduardo Tassano acompa\u00f1ado de funcionarios provinciales y municipales.<\/p>\n\n\n\n<p>La comitiva se dirigi\u00f3 hacia el palco oficial, que en el recorrido fueron saludando al escaso p\u00fablico que, como es habitual en las primeras horas, aguardaba el inicio del desfile de carnaval. &#8220;Estamos expectantes, ansiosos de disfrutar otra edici\u00f3n de nuestro carnaval. Los comparseros pusieron todo de s\u00ed, realizaron un gran esfuerzo y sacrificio para poder desfilar hoy, as\u00ed que es importante que el p\u00fablico acompa\u00f1e y disfrute de una de las fiestas culturales m\u00e1s importantes de Corrientes&#8221;, expres\u00f3 a \u00e9poca Esteban Centego, de la firma &#8220;De la estrella&#8221;, producciones a cargo de la organizaci\u00f3n.<\/p>\n\n\n\n<p>La contienda inici\u00f3 alrededor de las 22 con el desfile inaugural a cargo de la \u00faltima campeona de la categor\u00eda agrupaciones musicales, la denominada &#8220;aplanadora&#8221; Samba Total que impuso todo su brillo y esplendor con el objetivo de retener su t\u00edtulo. Para ello, enhebr\u00f3 toda la creatividad e ingenio para presentar &#8220;Music Hall&#8221;, un derroche de lujo y alegr\u00eda que revela los misterios de los grandes espect\u00e1culos ic\u00f3nicos. Los detalles de la jornada, ma\u00f1ana en la edici\u00f3n de domingo de \u00e9poca.<\/p>\n\n\n\n<p>Cabe destacar que desde la organizaci\u00f3n este a\u00f1o pusieron especial \u00e9nfasis en uno de los puntos m\u00e1s cuestionados de las ediciones pasadas, los servicios. Y con gran acierto mejoraron las propuestas gastron\u00f3micas, variadas y de buen gusto que el p\u00fablico elogi\u00f3 en la jornada inaugural.<\/p>\n\n\n\n<p>Adem\u00e1s, el espect\u00e1culo cuenta con un servicio de combis que estar\u00e1 disponible por solo 1.500 pesos, partiendo desde el anfiteatro Cocomarola y pasando por lugares estrat\u00e9gicos como el puerto, plaza Cabral, la plazoleta Los Amigos y la avenida Armenia. Tambi\u00e9n se podr\u00e1 utilizar el servicio para el regreso.<\/p>\n\n\n\n<figure class=\"wp-block-image\"><img decoding=\"async\" src=\"https:\/\/www.diarioepoca.com\/content\/bucket\/0\/1343920w380h571c.jpg.webp\" alt=\"\"\/><figcaption>CORTE DE CINTAS E INICIO DEL DESFILE DE LA EDICI\u00d3N 2024<\/figcaption><\/figure>\n\n\n\n<h2 class=\"wp-block-heading\">Segundo brillo de la celebraci\u00f3n del rey Momo en los barrios<\/h2>\n\n\n\n<figure class=\"wp-block-image\"><img decoding=\"async\" src=\"https:\/\/www.diarioepoca.com\/content\/bucket\/4\/1343944w380h290c.jpg.webp\" alt=\"\"\/><\/figure>\n\n\n\n<p>La alegr\u00eda volvi\u00f3 a copar el segundo escenario instalado el jueves en el barrio Industrial, en el que se realiz\u00f3 la segunda noche de competencia de los Carnavales de la Ciudad 2024. Para esta edici\u00f3n, la propuesta art\u00edstica de 25 instituciones de carnaval entre comparsas, agrupaciones musicales y humor\u00edsticas desfilaron compartiendo el brillo y la diversi\u00f3n sobre avenida J.R. Fern\u00e1ndez, ante un multitudinario p\u00fablico de m\u00e1s de 10.000 personas.<\/p>\n\n\n\n<p>&#8220;Estamos disfrutando de la m\u00e1xima fiesta de la identidad de los correntinos, con un enorme trabajo realizado por las comparsas y agrupaciones de este carnaval barrial que demostraron en estas dos noches de desfile el enorme talento artesanal que hay en la ciudad&#8221;, expres\u00f3 a \u00e9poca el secretario de Cultura y Educaci\u00f3n, Jos\u00e9 Sand, \u00e1rea que organiza este evento.<\/p>\n\n\n\n<p>En cuanto a la competencia, hay una gran paridad entre las comparsas, que deber\u00e1n acudir a la creatividad para que las pr\u00f3ximas noches puedan sacar diferencias de puntos respecto a sus rivales. Entre las agrupaciones musicales, la disputa est\u00e1 centrada entre Porto Carioca que desfila con &#8220;Aladd\u00edn en Corrientes&#8221; y Sarav\u00e1, que busca retener el t\u00edtulo con &#8220;Mi tierra esperanza&#8221;.<\/p>\n\n\n\n<p>&#8220;Estamos consolidando a Corrientes como ciudad de eventos, que son parte de la identidad de las familias correntinas&#8221;, valor\u00f3 el intendente Eduardo Tassano, que presenci\u00f3 las dos noches de desfile. Las miradas est\u00e1n puestas ahora en el pr\u00f3ximo escenario, la tercera contienda que tendr\u00e1 como anfitriones el martes 30 de enero a los vecinos del barrio 17 de Agosto con otra brillante propuesta de carnaval.<\/p>\n","protected":false},"excerpt":{"rendered":"<p>El cors\u00f3dromo volvi\u00f3 a tomar vida ayer y en una jornada agradable comenz\u00f3 el primero de los 10 desfiles de competencia. El tradicional corte de cinta estuvo encabezado por el&hellip; <\/p>\n","protected":false},"author":3,"featured_media":121145,"comment_status":"closed","ping_status":"open","sticky":false,"template":"","format":"standard","meta":{"footnotes":""},"categories":[15],"tags":[],"class_list":["post-121144","post","type-post","status-publish","format-standard","has-post-thumbnail","hentry","category-cultura"],"_links":{"self":[{"href":"https:\/\/corrientesdetarde.com\/index.php\/wp-json\/wp\/v2\/posts\/121144","targetHints":{"allow":["GET"]}}],"collection":[{"href":"https:\/\/corrientesdetarde.com\/index.php\/wp-json\/wp\/v2\/posts"}],"about":[{"href":"https:\/\/corrientesdetarde.com\/index.php\/wp-json\/wp\/v2\/types\/post"}],"author":[{"embeddable":true,"href":"https:\/\/corrientesdetarde.com\/index.php\/wp-json\/wp\/v2\/users\/3"}],"replies":[{"embeddable":true,"href":"https:\/\/corrientesdetarde.com\/index.php\/wp-json\/wp\/v2\/comments?post=121144"}],"version-history":[{"count":1,"href":"https:\/\/corrientesdetarde.com\/index.php\/wp-json\/wp\/v2\/posts\/121144\/revisions"}],"predecessor-version":[{"id":121146,"href":"https:\/\/corrientesdetarde.com\/index.php\/wp-json\/wp\/v2\/posts\/121144\/revisions\/121146"}],"wp:featuredmedia":[{"embeddable":true,"href":"https:\/\/corrientesdetarde.com\/index.php\/wp-json\/wp\/v2\/media\/121145"}],"wp:attachment":[{"href":"https:\/\/corrientesdetarde.com\/index.php\/wp-json\/wp\/v2\/media?parent=121144"}],"wp:term":[{"taxonomy":"category","embeddable":true,"href":"https:\/\/corrientesdetarde.com\/index.php\/wp-json\/wp\/v2\/categories?post=121144"},{"taxonomy":"post_tag","embeddable":true,"href":"https:\/\/corrientesdetarde.com\/index.php\/wp-json\/wp\/v2\/tags?post=121144"}],"curies":[{"name":"wp","href":"https:\/\/api.w.org\/{rel}","templated":true}]}}