{"id":121153,"date":"2024-01-27T09:03:39","date_gmt":"2024-01-27T12:03:39","guid":{"rendered":"https:\/\/corrientesdetarde.com\/?p=121153"},"modified":"2024-01-27T09:03:43","modified_gmt":"2024-01-27T12:03:43","slug":"vecinos-en-alerta-mas-de-10-casas-afectadas-por-robo-de-medidores","status":"publish","type":"post","link":"https:\/\/corrientesdetarde.com\/index.php\/policiales\/vecinos-en-alerta-mas-de-10-casas-afectadas-por-robo-de-medidores\/","title":{"rendered":"Vecinos en alerta: m\u00e1s de 10 casas afectadas por robo de medidores"},"content":{"rendered":"\n<p>Al parecer, hicieron un raid delictivo en una manzana de la barriada durante la madrugada. Familias afectadas por la falta de agua.<\/p>\n\n\n\n<p>Gran parte de las familias en una manzana del barrio Pirayu\u00ed de la capital provincial amanecieron sin servicio de agua potable. Delincuentes sustrajeron durante la madrugada varios medidores de agua. En la comisar\u00eda de la jurisdicci\u00f3n no &#8220;quisieron tomar la denuncia del hecho, porque no estaba el comisario&#8221;, dijo una vecina a la prensa.<\/p>\n\n\n\n<p>El robo de medidores de agua se da en distintos puntos de la capital. Esta vez, vecinos del barrio Pirayu\u00ed fueron las afectadas.<\/p>\n\n\n\n<p>Estas familias que se domicilian por calle Suecia y 727, amanecieron con la desagradable noticia de que no contaban con el servicio de agua potable. As\u00ed se percataron de que fueron v\u00edctimas de la delincuencia.<\/p>\n\n\n\n<p>&#8220;Un total de siete vecinos se vieron afectados por el robo y otros tres llegaron a la comisar\u00eda de la zona a denunciar m\u00e1s casos&#8221;, dijo una vecina, quien a la vez manifest\u00f3 su enojo, porque no quisieron tomar su declaraci\u00f3n ante la falta del comisario en la dependencia policial.<\/p>\n\n\n\n<p>En la cuadra afectada por la sustracci\u00f3n de medidores tuvieron que soportar el derroche de agua en sus veredas.<\/p>\n\n\n\n<p>&#8220;Fue cerca de la 1, cuando un vecino golpe\u00f3 mi puerta para decirme que me robaron el medidor&#8221;, dijo Juana, quien agreg\u00f3 que al llegar a la comisar\u00eda D\u00e9cimo Tercera por raz\u00f3n de jurisdicci\u00f3n no le tomaron la denuncia por falta del Jefe de la dependencia y los efectivos que estaban en la misma no estaban autorizados a tomar declaraci\u00f3n de esos casos.<\/p>\n\n\n\n<p>A su vez, manifestaron a la prensa que tambi\u00e9n notaron la faltante del cableado en la zona.<\/p>\n\n\n\n<p>&#8220;Se llevan hasta las jirafas, los responsables del alumbrado responden y colocan focos y brindan el servicio pero a las pocas horas las vuelven a robar&#8221;, acot\u00f3 la mujer.<\/p>\n\n\n\n<p>Tambi\u00e9n, vecinos del barrio Sargento Cabral denunciaron el robo de medidores de agua, adem\u00e1s destrucci\u00f3n de los cristales de veh\u00edculos estacionados en la v\u00eda p\u00fablica.<\/p>\n\n\n\n<p>&#8220;Sufrimos al menos cinco robos todos los d\u00edas y los delincuentes son los mismos de siempre. Uno de ellos es conocido hasta por la Polic\u00eda, que vive en el barrio P\u00edo X&#8221;, dijo Carla a diario \u00e9poca.<\/p>\n\n\n\n<p>&#8220;Hay registros f\u00edlmicos que damos a la Polic\u00eda, pero no vemos acci\u00f3n&#8221;, se quej\u00f3 con preocupaci\u00f3n la mujer.<\/p>\n\n\n\n<h2 class=\"wp-block-heading\">Otros barrios afectados<\/h2>\n\n\n\n<p>El robo de medidores de agua no da tregua, vale mencionar la ola de sustracciones que sufrieron 10 d\u00edas atr\u00e1s los vecinos del barrio Laguna Seca, tal como se inform\u00f3 en este matutino.<\/p>\n\n\n\n<p>Y que ante tan delicada situaci\u00f3n expresaron su malestar por la escasa reacci\u00f3n policial.<\/p>\n\n\n\n<p>En su oportunidad, fueron afectados los domiciliados por calle Pit\u00e1goras frente a la escuela N\u00b0345. Dieron aviso a la Polic\u00eda, pero no obtuvieron respuestas.<\/p>\n","protected":false},"excerpt":{"rendered":"<p>Al parecer, hicieron un raid delictivo en una manzana de la barriada durante la madrugada. Familias afectadas por la falta de agua. Gran parte de las familias en una manzana&hellip; <\/p>\n","protected":false},"author":3,"featured_media":121154,"comment_status":"closed","ping_status":"open","sticky":false,"template":"","format":"standard","meta":{"footnotes":""},"categories":[33],"tags":[],"class_list":["post-121153","post","type-post","status-publish","format-standard","has-post-thumbnail","hentry","category-policiales"],"_links":{"self":[{"href":"https:\/\/corrientesdetarde.com\/index.php\/wp-json\/wp\/v2\/posts\/121153","targetHints":{"allow":["GET"]}}],"collection":[{"href":"https:\/\/corrientesdetarde.com\/index.php\/wp-json\/wp\/v2\/posts"}],"about":[{"href":"https:\/\/corrientesdetarde.com\/index.php\/wp-json\/wp\/v2\/types\/post"}],"author":[{"embeddable":true,"href":"https:\/\/corrientesdetarde.com\/index.php\/wp-json\/wp\/v2\/users\/3"}],"replies":[{"embeddable":true,"href":"https:\/\/corrientesdetarde.com\/index.php\/wp-json\/wp\/v2\/comments?post=121153"}],"version-history":[{"count":1,"href":"https:\/\/corrientesdetarde.com\/index.php\/wp-json\/wp\/v2\/posts\/121153\/revisions"}],"predecessor-version":[{"id":121155,"href":"https:\/\/corrientesdetarde.com\/index.php\/wp-json\/wp\/v2\/posts\/121153\/revisions\/121155"}],"wp:featuredmedia":[{"embeddable":true,"href":"https:\/\/corrientesdetarde.com\/index.php\/wp-json\/wp\/v2\/media\/121154"}],"wp:attachment":[{"href":"https:\/\/corrientesdetarde.com\/index.php\/wp-json\/wp\/v2\/media?parent=121153"}],"wp:term":[{"taxonomy":"category","embeddable":true,"href":"https:\/\/corrientesdetarde.com\/index.php\/wp-json\/wp\/v2\/categories?post=121153"},{"taxonomy":"post_tag","embeddable":true,"href":"https:\/\/corrientesdetarde.com\/index.php\/wp-json\/wp\/v2\/tags?post=121153"}],"curies":[{"name":"wp","href":"https:\/\/api.w.org\/{rel}","templated":true}]}}