{"id":121156,"date":"2024-01-27T09:04:55","date_gmt":"2024-01-27T12:04:55","guid":{"rendered":"https:\/\/corrientesdetarde.com\/?p=121156"},"modified":"2024-01-27T09:05:00","modified_gmt":"2024-01-27T12:05:00","slug":"el-dengue-esta-concentrado-en-la-periferia-y-avanza-hacia-el-centro","status":"publish","type":"post","link":"https:\/\/corrientesdetarde.com\/index.php\/bienestar-y-salud\/el-dengue-esta-concentrado-en-la-periferia-y-avanza-hacia-el-centro\/","title":{"rendered":"&#8220;El dengue est\u00e1 concentrado en la periferia y avanza hacia el centro&#8221;"},"content":{"rendered":"\n<p>Fueron las declaraciones de la directora de Epidemiolog\u00eda, Angelina Bobadilla. La doctora remarc\u00f3 que en materia de infectados &#8220;la curva ahora se va aplanando, pero qued\u00f3 alta&#8221;. Capital concentra la mayor cantidad de casos y la sigue San Luis del Palmar.<\/p>\n\n\n\n<p>La situaci\u00f3n actual de la provincia de Corrientes se ve cada vez m\u00e1s complicada en lo que respecta al avance del dengue. Por eso, \u00e9poca dialog\u00f3 con la directora de Epidemiolog\u00eda, Angelina Bobadilla, quien brind\u00f3 detalles de la manera en que trabajar\u00e1n para prevenir el avance de la enfermedad en Capital y el resto de la provincia.<\/p>\n\n\n\n<p>&#8220;Continuamos con el plan provincial de prevenci\u00f3n y control del dengue, ahora estamos en una etapa en la que necesitamos intensificar las acciones relacionadas espec\u00edficamente con el descacharrado, porque el mosquito vector, que es el Aedes aegypti, est\u00e1 en nuestras casas. Por eso tenemos que ayudar a los vecinos a eliminar todo aquello que puede juntar agua y volverse un criadero&#8221;, destac\u00f3 Bobadilla.<\/p>\n\n\n\n<p>Hizo hincapi\u00e9 en la limpieza de los hogares, por eso &#8220;esta es la etapa de ampliar el descacharrado y hacerlo en simult\u00e1neo. Seg\u00fan Epidemiolog\u00eda, lo venimos haciendo en los lugares donde circula el virus, pero ahora se ampl\u00eda a donde no est\u00e1 circulando. Va a ser generalizado el descacharrado por zonas de la ciudad&#8221;.<\/p>\n\n\n\n<p>Desde la cartera sanitaria informaron que en las pr\u00f3ximas dos semanas trabajar\u00e1n con mayor intensidad en la limpieza de la ciudad. Al respecto, la titular de epidemiolog\u00eda resalt\u00f3 que &#8220;est\u00e1 pautado trabajar 14 d\u00edas, con la posibilidad de acortar esa cantidad, pero esa es la meta, en 14 d\u00edas limpiar la ciudad&#8221;.<\/p>\n\n\n\n<p>Al ser consultada sobre c\u00f3mo se va a implementar esta labor en la capital, la doctora Bobadilla destac\u00f3: &#8220;Hay un cronograma con recorridos por barrios, nos juntamos todos los ministerios, instituciones, organizaciones civiles e instituciones educativas para trabajar con el vecino&#8221;. La doctora tambi\u00e9n destac\u00f3 que &#8220;un grupo trabajar\u00e1 en la comunicaci\u00f3n de cuando pasa el descacharrado por su barrio y los horarios que ser\u00e1n de 14 a 19&#8221;.<\/p>\n\n\n\n<p>A partir de este per\u00edodo, que comenz\u00f3 en la jornada de ayer, el descacharrado que ven\u00eda realizando se har\u00e1 con otra metodolog\u00eda, la doctora Bobadilla coment\u00f3 al respecto que &#8220;el descacharrado se iba realizando en funci\u00f3n de los brotes en toda la provincia, pero hablando espec\u00edficamente de Capital pasamos al Municipio los lugares en los que est\u00e1n con mayor cantidad de casos y se priorizar\u00e1n esos lugares para el descacharrado a modo de prevenci\u00f3n y control del dengue&#8221;.<\/p>\n\n\n\n<p>Al referirse a los n\u00fameros que actualmente tiene la provincia de Corrientes en cuanto a casos por esta patolog\u00eda, la Directora de Epidemiolog\u00eda remarc\u00f3: &#8220;En cuanto a n\u00fameros, estamos en una curva alta, si bien no es en pico, es un ascenso continuo y sostenido, como fue alguna vez la curva de COVID-19, pero es una curva alta, inici\u00f3 en diciembre y arrancamos enero con muchos diagn\u00f3sticos&#8221;.<\/p>\n\n\n\n<figure class=\"wp-block-image\"><img decoding=\"async\" src=\"https:\/\/www.diarioepoca.com\/content\/bucket\/6\/1343946w380h131c.jpg.webp\" alt=\"\"\/><\/figure>\n\n\n\n<p>La doctora Bobadilla tambi\u00e9n dej\u00f3 un p\u00e1rrafo sobre la situaci\u00f3n actual en la provincia en lo referente a infectados: &#8220;Ahora se va aplanando la curva, pero qued\u00f3 alta. Tenemos activos en toda la provincia, un poco m\u00e1s de 200 pacientes, es muy din\u00e1mico y esos se van acumulando, porque entre siete y diez d\u00edas dura todo el ciclo viral y luego el paciente sale de alta&#8221;.<\/p>\n\n\n\n<p>Al ser consultada sobre cu\u00e1les son las localidades afectadas en toda la provincia, la doctora resalt\u00f3: &#8220;La m\u00e1s afectada es Capital, donde est\u00e1 m\u00e1s concentrado el brote, y las localidades cercanas por el impacto de Capital, como as\u00ed tambi\u00e9n las que son tur\u00edsticas&#8221;, pero la Directora dej\u00f3 en claro que &#8220;no hay circulaci\u00f3n activa, pero s\u00ed est\u00e1 presente en Capital y San Luis del Palmar, que son las m\u00e1s afectadas y despu\u00e9s en otras hay casos espor\u00e1dicos que empiezan a tener sus diagn\u00f3sticos de dengue&#8221;.<\/p>\n\n\n\n<p>Al interiorizarse sobre los barrios m\u00e1s afectados que tienen mayor cantidad de casos, la titular de Epidemiolog\u00eda asever\u00f3 que &#8220;est\u00e1n concentrados en tres zonas y a partir de ah\u00ed se van abriendo y moviendo para el resto de los barrios. Ellos son el Juan XXIII para toda esa zona y avanza hacia el centro, el otro es Molina Punta y sus barrios adyacentes, y el otro es el barrio Laguna Seca y todos los barrios de alrededor y va avanzando con casos espor\u00e1dicos en el centro. El dengue est\u00e1 concentrado en la periferia y avanza hacia el centro&#8221;.<\/p>\n\n\n\n<h2 class=\"wp-block-heading\">El noreste es la regi\u00f3n m\u00e1s afectada del pa\u00eds<\/h2>\n\n\n\n<figure class=\"wp-block-image\"><img decoding=\"async\" src=\"https:\/\/www.diarioepoca.com\/content\/bucket\/5\/1343945w380h235c.jpg.webp\" alt=\"\"\/><\/figure>\n\n\n\n<p>En medio de la ola de casos dengue, el Ministerio de Salud de la Naci\u00f3n alert\u00f3 por el aumento de contagios en varias zonas del pa\u00eds. Desde la \u00faltima semana de julio de 2023 hasta el 14 de enero de 2024, el Sistema Nacional de Vigilancia de la Salud report\u00f3 un total de 22.394 casos, mientras que se registraron diez muertes en Corrientes y ocho en Misiones.<\/p>\n\n\n\n<p>De acuerdo al Bolet\u00edn Epidemiol\u00f3gico Nacional, en las \u00faltimas semanas hubo un incremento de casi el 28% en el total de casos registrados, debido a que hubo un salto de 17.540 a 22.394. Asimismo, las autoridades sanitarias precisaron en el nuevo informe que 21.450 eran de origen aut\u00f3ctono, 600 fueron importados y los 346 restantes se encontraban bajo investigaci\u00f3n.<\/p>\n\n\n\n<p>De esta manera, los expertos remarcaron que el 94,4% de los casos se concentraban en la regi\u00f3n noreste argentina (NEA), debido a que tambi\u00e9n se registraron infectados sin interrupci\u00f3n a lo largo del 2023. Actualmente, Chaco contabiliz\u00f3 un total de 9.484 casos de dengue, seguido de Formosa con 7.650, Corrientes con 2.202 y Misiones con 1.966.<\/p>\n\n\n\n<p>En el caso de Entre R\u00edos, el Ministerio de Salud provincial registr\u00f3 un incremento del 86% de los casos en la \u00faltima semana, por lo que decidieron fortalecer las tareas de vigilancia, control y concientizaci\u00f3n en la poblaci\u00f3n para frenar los contagios y la propagaci\u00f3n de la enfermedad. En este sentido, los expertos indicaron que hubo 44 nuevos contagios y que el total de infectados estar\u00eda cerca de romper la barrera de las 100 personas afectadas.<\/p>\n","protected":false},"excerpt":{"rendered":"<p>Fueron las declaraciones de la directora de Epidemiolog\u00eda, Angelina Bobadilla. La doctora remarc\u00f3 que en materia de infectados &#8220;la curva ahora se va aplanando, pero qued\u00f3 alta&#8221;. Capital concentra la&hellip; <\/p>\n","protected":false},"author":3,"featured_media":121157,"comment_status":"closed","ping_status":"open","sticky":false,"template":"","format":"standard","meta":{"footnotes":""},"categories":[16],"tags":[],"class_list":["post-121156","post","type-post","status-publish","format-standard","has-post-thumbnail","hentry","category-bienestar-y-salud"],"_links":{"self":[{"href":"https:\/\/corrientesdetarde.com\/index.php\/wp-json\/wp\/v2\/posts\/121156","targetHints":{"allow":["GET"]}}],"collection":[{"href":"https:\/\/corrientesdetarde.com\/index.php\/wp-json\/wp\/v2\/posts"}],"about":[{"href":"https:\/\/corrientesdetarde.com\/index.php\/wp-json\/wp\/v2\/types\/post"}],"author":[{"embeddable":true,"href":"https:\/\/corrientesdetarde.com\/index.php\/wp-json\/wp\/v2\/users\/3"}],"replies":[{"embeddable":true,"href":"https:\/\/corrientesdetarde.com\/index.php\/wp-json\/wp\/v2\/comments?post=121156"}],"version-history":[{"count":1,"href":"https:\/\/corrientesdetarde.com\/index.php\/wp-json\/wp\/v2\/posts\/121156\/revisions"}],"predecessor-version":[{"id":121158,"href":"https:\/\/corrientesdetarde.com\/index.php\/wp-json\/wp\/v2\/posts\/121156\/revisions\/121158"}],"wp:featuredmedia":[{"embeddable":true,"href":"https:\/\/corrientesdetarde.com\/index.php\/wp-json\/wp\/v2\/media\/121157"}],"wp:attachment":[{"href":"https:\/\/corrientesdetarde.com\/index.php\/wp-json\/wp\/v2\/media?parent=121156"}],"wp:term":[{"taxonomy":"category","embeddable":true,"href":"https:\/\/corrientesdetarde.com\/index.php\/wp-json\/wp\/v2\/categories?post=121156"},{"taxonomy":"post_tag","embeddable":true,"href":"https:\/\/corrientesdetarde.com\/index.php\/wp-json\/wp\/v2\/tags?post=121156"}],"curies":[{"name":"wp","href":"https:\/\/api.w.org\/{rel}","templated":true}]}}