{"id":121159,"date":"2024-01-27T09:05:52","date_gmt":"2024-01-27T12:05:52","guid":{"rendered":"https:\/\/corrientesdetarde.com\/?p=121159"},"modified":"2024-01-27T09:05:53","modified_gmt":"2024-01-27T12:05:53","slug":"zenon-suplente-en-el-estreno","status":"publish","type":"post","link":"https:\/\/corrientesdetarde.com\/index.php\/deportes\/zenon-suplente-en-el-estreno\/","title":{"rendered":"Zen\u00f3n, suplente en el estreno"},"content":{"rendered":"\n<p>El volante goyano ocupar\u00e1 un lugar en el banco de suplentes de Boca Juniors ante Platense en el debut como visitante en Vicente L\u00f3pez.<\/p>\n\n\n\n<p>Boca Juniors, con el debut oficial de Diego Mart\u00ednez como entrenador, enfrentar\u00e1 hoy al actual subcampe\u00f3n Platense en la primera fecha del Grupo B de la Copa de la Liga 2024.<\/p>\n\n\n\n<p>El flamante t\u00e9cnico dispuso que el correntino Kevin Zen\u00f3n sea parte de los concentrados para este duelo. El mediocampista goyano usar\u00e1 el dorsal 22 y ser\u00e1 suplente en el estreno ante el &#8220;calamar&#8221;.<\/p>\n\n\n\n<p>El encuentro se disputar\u00e1 en el estadio &#8220;Ciudad&#8221; de Vicente L\u00f3pez, desde las 19, con el arbitraje de Leandro Rey Hilfer y Pablo D\u00f3valo estar\u00e1 en el VAR.<\/p>\n\n\n\n<p>El partido contar\u00e1 con la televisaci\u00f3n en directo de la se\u00f1al deportiva ESPN Premium.<\/p>\n\n\n\n<p>El &#8220;xeneize&#8221; pondr\u00e1 primera en una nueva edici\u00f3n de la Copa de la Liga, esta vez, con el debut oficial de Diego Mart\u00ednez como entrenador del actual subcampe\u00f3n de la Copa Libertadores de Am\u00e9rica.<\/p>\n\n\n\n<figure class=\"wp-block-image\"><img decoding=\"async\" src=\"https:\/\/www.diarioepoca.com\/content\/bucket\/8\/1343948w380h1067c.jpg.webp\" alt=\"\"\/><\/figure>\n\n\n\n<p>El ex Hurac\u00e1n ya hab\u00eda dirigido dos amistosos ante Gimnasia y Tiro de Salta y Talleres de C\u00f3rdoba, ambos con victoria por la m\u00ednima (1 a 0 y 2 a 1).<\/p>\n\n\n\n<p>En cuanto al once inicial, el exdirector t\u00e9cnico de Tigre no variar\u00e1 mucho de lo que par\u00f3 en los dos partidos de pretemporada.<\/p>\n\n\n\n<p>El entrenador de 45 a\u00f1os repetir\u00e1 el mismo once con dos cambios rutilantes en las bandas, ya que el peruano Luis Adv\u00edncula y el colombiano Frank Fabra volver\u00e1n al equipo titular.<\/p>\n","protected":false},"excerpt":{"rendered":"<p>El volante goyano ocupar\u00e1 un lugar en el banco de suplentes de Boca Juniors ante Platense en el debut como visitante en Vicente L\u00f3pez. Boca Juniors, con el debut oficial&hellip; <\/p>\n","protected":false},"author":3,"featured_media":121160,"comment_status":"closed","ping_status":"open","sticky":false,"template":"","format":"standard","meta":{"footnotes":""},"categories":[4],"tags":[],"class_list":["post-121159","post","type-post","status-publish","format-standard","has-post-thumbnail","hentry","category-deportes"],"_links":{"self":[{"href":"https:\/\/corrientesdetarde.com\/index.php\/wp-json\/wp\/v2\/posts\/121159","targetHints":{"allow":["GET"]}}],"collection":[{"href":"https:\/\/corrientesdetarde.com\/index.php\/wp-json\/wp\/v2\/posts"}],"about":[{"href":"https:\/\/corrientesdetarde.com\/index.php\/wp-json\/wp\/v2\/types\/post"}],"author":[{"embeddable":true,"href":"https:\/\/corrientesdetarde.com\/index.php\/wp-json\/wp\/v2\/users\/3"}],"replies":[{"embeddable":true,"href":"https:\/\/corrientesdetarde.com\/index.php\/wp-json\/wp\/v2\/comments?post=121159"}],"version-history":[{"count":1,"href":"https:\/\/corrientesdetarde.com\/index.php\/wp-json\/wp\/v2\/posts\/121159\/revisions"}],"predecessor-version":[{"id":121161,"href":"https:\/\/corrientesdetarde.com\/index.php\/wp-json\/wp\/v2\/posts\/121159\/revisions\/121161"}],"wp:featuredmedia":[{"embeddable":true,"href":"https:\/\/corrientesdetarde.com\/index.php\/wp-json\/wp\/v2\/media\/121160"}],"wp:attachment":[{"href":"https:\/\/corrientesdetarde.com\/index.php\/wp-json\/wp\/v2\/media?parent=121159"}],"wp:term":[{"taxonomy":"category","embeddable":true,"href":"https:\/\/corrientesdetarde.com\/index.php\/wp-json\/wp\/v2\/categories?post=121159"},{"taxonomy":"post_tag","embeddable":true,"href":"https:\/\/corrientesdetarde.com\/index.php\/wp-json\/wp\/v2\/tags?post=121159"}],"curies":[{"name":"wp","href":"https:\/\/api.w.org\/{rel}","templated":true}]}}