{"id":121338,"date":"2024-01-27T18:00:40","date_gmt":"2024-01-27T21:00:40","guid":{"rendered":"https:\/\/corrientesdetarde.com\/?p=121338"},"modified":"2024-01-27T18:00:44","modified_gmt":"2024-01-27T21:00:44","slug":"el-gobierno-confirmo-que-intervendra-el-enacom-para-hacer-una-auditoria","status":"publish","type":"post","link":"https:\/\/corrientesdetarde.com\/index.php\/politica\/el-gobierno-confirmo-que-intervendra-el-enacom-para-hacer-una-auditoria\/","title":{"rendered":"El Gobierno confirm\u00f3 que intervendr\u00e1 el Enacom para hacer una auditor\u00eda"},"content":{"rendered":"\n<p>La Jefatura de Gabinete confirm\u00f3 este s\u00e1bado que el\u00a0<strong>Ente Nacional de Comunicaciones (Enacom)<\/strong>\u00a0ser\u00e1 intervenido, decisi\u00f3n que se plasmar\u00e1 formalmente este lunes con la publicaci\u00f3n del\u00a0<strong>decreto correspondiente en el Bolet\u00edn Oficial<\/strong>.<\/p>\n\n\n\n<p><strong>&#8220;La intervenci\u00f3n del Enacom es una etapa transitoria pero necesaria para el reordenamiento del organismo&#8221;<\/strong>, indic\u00f3 la Secretar\u00eda de Innovaci\u00f3n de la Jefatura de Gabinete, al difundir la decisi\u00f3n y los nombres de quienes conducir\u00e1n la intervenci\u00f3n.<\/p>\n\n\n\n<p>El interventor designado es el consultor y exempleado de Movistar,&nbsp;<strong>Juan Mart\u00edn Ozores<\/strong>, y los interventores adjuntos son la abogada con 30 a\u00f1os de carrera en organismos estatales,&nbsp;<strong>Patricia Rold\u00e1n<\/strong>; y el exdirector del Enacom en la gesti\u00f3n del presidente Mauricio Macri,&nbsp;<strong>Alejandro Pereyra<\/strong>.<\/p>\n\n\n\n<p>En un comunicado que acompa\u00f1a el anuncio de la decisi\u00f3n, la Secretar\u00eda de Innovaci\u00f3n, Ciencia y Tecnolog\u00eda, conducida por Alejandro Cosentino, se\u00f1al\u00f3 que la intervenci\u00f3n realizar\u00e1&nbsp;<strong>&#8220;una auditor\u00eda del destino de los fondos p\u00fablicos para promoci\u00f3n y fomento de la actividad en la b\u00fasqueda de un uso racional y transparente&#8221;<\/strong>.<\/p>\n\n\n\n<p>Desde la Secretar\u00eda indicaron que se revisar\u00e1 toda la regulaci\u00f3n vigente, y los diferentes procesos judiciales en los que est\u00e1 involucrado el organismo.<\/p>\n\n\n\n<p>Tambi\u00e9n adelantaron que &#8220;luego de la intervenci\u00f3n, el Enacom continuar\u00e1 con la misma misi\u00f3n para la que fue creado: p<strong>romover comunicaciones de calidad entre todos los usuarios del pa\u00eds<\/strong>, generando un mayor balance y competencia entre los distintos actores del mercado&#8221;.<\/p>\n","protected":false},"excerpt":{"rendered":"<p>La Jefatura de Gabinete confirm\u00f3 este s\u00e1bado que el\u00a0Ente Nacional de Comunicaciones (Enacom)\u00a0ser\u00e1 intervenido, decisi\u00f3n que se plasmar\u00e1 formalmente este lunes con la publicaci\u00f3n del\u00a0decreto correspondiente en el Bolet\u00edn Oficial.&hellip; <\/p>\n","protected":false},"author":12,"featured_media":121346,"comment_status":"closed","ping_status":"open","sticky":false,"template":"","format":"standard","meta":{"footnotes":""},"categories":[3],"tags":[],"class_list":["post-121338","post","type-post","status-publish","format-standard","has-post-thumbnail","hentry","category-politica"],"_links":{"self":[{"href":"https:\/\/corrientesdetarde.com\/index.php\/wp-json\/wp\/v2\/posts\/121338","targetHints":{"allow":["GET"]}}],"collection":[{"href":"https:\/\/corrientesdetarde.com\/index.php\/wp-json\/wp\/v2\/posts"}],"about":[{"href":"https:\/\/corrientesdetarde.com\/index.php\/wp-json\/wp\/v2\/types\/post"}],"author":[{"embeddable":true,"href":"https:\/\/corrientesdetarde.com\/index.php\/wp-json\/wp\/v2\/users\/12"}],"replies":[{"embeddable":true,"href":"https:\/\/corrientesdetarde.com\/index.php\/wp-json\/wp\/v2\/comments?post=121338"}],"version-history":[{"count":1,"href":"https:\/\/corrientesdetarde.com\/index.php\/wp-json\/wp\/v2\/posts\/121338\/revisions"}],"predecessor-version":[{"id":121347,"href":"https:\/\/corrientesdetarde.com\/index.php\/wp-json\/wp\/v2\/posts\/121338\/revisions\/121347"}],"wp:featuredmedia":[{"embeddable":true,"href":"https:\/\/corrientesdetarde.com\/index.php\/wp-json\/wp\/v2\/media\/121346"}],"wp:attachment":[{"href":"https:\/\/corrientesdetarde.com\/index.php\/wp-json\/wp\/v2\/media?parent=121338"}],"wp:term":[{"taxonomy":"category","embeddable":true,"href":"https:\/\/corrientesdetarde.com\/index.php\/wp-json\/wp\/v2\/categories?post=121338"},{"taxonomy":"post_tag","embeddable":true,"href":"https:\/\/corrientesdetarde.com\/index.php\/wp-json\/wp\/v2\/tags?post=121338"}],"curies":[{"name":"wp","href":"https:\/\/api.w.org\/{rel}","templated":true}]}}