{"id":121339,"date":"2024-01-27T17:59:30","date_gmt":"2024-01-27T20:59:30","guid":{"rendered":"https:\/\/corrientesdetarde.com\/?p=121339"},"modified":"2024-01-27T17:59:34","modified_gmt":"2024-01-27T20:59:34","slug":"el-incendio-forestal-en-el-parque-nacional-los-alerces-ya-arraso-577-hectareas","status":"publish","type":"post","link":"https:\/\/corrientesdetarde.com\/index.php\/nacionales\/el-incendio-forestal-en-el-parque-nacional-los-alerces-ya-arraso-577-hectareas\/","title":{"rendered":"El incendio forestal en el Parque Nacional Los Alerces ya arras\u00f3 577 hect\u00e1reas"},"content":{"rendered":"\n<p><strong>Sigue \u201cfuera de control\u201d\u00a0el incendio desatado en el arroyo Centinela, a la altura de bah\u00eda Rosales del lago Futalaufquen en el Parque Nacional Los Alerces en Chubut y el siniestro alcanzar una superficie de 577 hect\u00e1reas<\/strong>, con riesgo de alcanzar un\u00a0<strong>&#8220;nivel extremo<\/strong>&#8220;, seg\u00fan confirm\u00f3 el jefe del departamento de Incendios, Comunicaciones y Emergencias del Parque Nacional,\u00a0<strong>Mario C\u00e1rdenas<\/strong>, y la Administraci\u00f3n de Parques Nacionales.<\/p>\n\n\n\n<p>Los brigadistas y personal del Servicio provincial de Manejo del fuego luchaban por controlar las llamas y\u00a0<strong>el objetivo es resguardar a poblaciones cercanas en Esquel y Trevelin.<\/strong><\/p>\n\n\n\n<p>&#8220;<strong>El incendio se extendi\u00f3 hasta alcanzar una superficie de 577 hect\u00e1reas y la cabeza del fuego sali\u00f3 de la jurisdicci\u00f3n del Parque&nbsp;<\/strong>y entr\u00f3 a la provincia&#8221;, inform\u00f3 a T\u00e9lam C\u00e1rdenas.<\/p>\n\n\n\n<p>El titular del ICE agreg\u00f3 que &#8220;<strong>se est\u00e1n reforzando y metiendo mucho trabajo en el flanco derecho del incendio, porque en el caso de que las llamas bajen desde la monta\u00f1a hacia la ruta, ah\u00ed es donde hay viviendas,<\/strong>&nbsp;poblaciones; por eso, los trabajos se van a concentrar ah\u00ed hoy&#8221;.<\/p>\n\n\n\n<p>Adem\u00e1s de quemar bosque nativo,<strong>&nbsp;las llamas afectaron a especies como \u00f1ire, laura, ca\u00f1a coihue y lenga<\/strong>. Por esta raz\u00f3n, C\u00e1rdenas enfatiz\u00f3 que &#8220;<strong>el incendio est\u00e1 fuera de control<\/strong>&#8221; y advirti\u00f3 que las condiciones clim\u00e1ticas &#8220;son adversas porque s<strong>eguimos teniendo mucho viento y temperatura alta,<\/strong>&nbsp;lo que dificulta bastante las tareas en el Parque Nacional&#8221;.<\/p>\n\n\n\n<p>El lugar tomado por el fuego&nbsp;<strong>fue declarado sitio de patrimonio mundial por la Unesco<\/strong>&nbsp;en el a\u00f1o 2017.<\/p>\n\n\n\n<figure class=\"wp-block-image\"><img decoding=\"async\" src=\"https:\/\/media.a24.com\/p\/428c1cd5394aee9d3ad31a7d1a81b42a\/adjuntos\/296\/imagenes\/009\/287\/0009287217\/1200x675\/smart\/ge23ysvwcaaujj4jpg.jpg\" alt=\"El fuego se inici&oacute; a la altura de bah&iacute;a Rosales del lago Futalaufquen en el Parque Nacional Los Alerces. (Foto: X)\" title=\"El fuego se inici&oacute; a la altura de bah&iacute;a Rosales del lago Futalaufquen en el Parque Nacional Los Alerces. (Foto: X)\"\/><\/figure>\n\n\n\n<p>El fuego se inici\u00f3 a la altura de bah\u00eda Rosales del lago Futalaufquen en el Parque Nacional Los Alerces. (Foto: X)<\/p>\n\n\n\n<h2 class=\"wp-block-heading\">Se mantiene el estado de &#8220;riesgo de incendio nivel extremo&#8221;<\/h2>\n\n\n\n<p>Dado su comportamiento extremo, se mantiene el estado de &#8220;<strong>riesgo de incendio nivel extremo<\/strong>&#8220;, debido a que durante el d\u00eda de hoy &#8220;<strong>se prev\u00e9 vientos del sector oeste (entre 10 a 20 kil\u00f3metros por hora) con r\u00e1fagas<\/strong>, de 20 a 30 kil\u00f3metros por hora, los cuales ir\u00e1n en aumento a partir de la tarde,<strong>&nbsp;con un estimativo de entre 40 a 60 kil\u00f3metros por hora<\/strong>&#8220;, se\u00f1al\u00f3 el reporte oficial.<\/p>\n\n\n\n<p>A ello se le suma&nbsp;<strong>una temperatura m\u00e1xima esperada de 28 grados y un 30 por ciento de la humedad&nbsp;<\/strong>relativa.&#8221;Durante la noche, el fuego continu\u00f3 con un comportamiento extremo, en sentido al cerro la Torta&#8221;, a\u00f1adi\u00f3 el mismo comunicado.<\/p>\n\n\n\n<p>A su vez, se detall\u00f3 que el operativo realizado por bomberos voluntarios de Esquel y Trevel\u00edn &#8220;<strong>fue exitoso ya que no se vieron afectadas las viviendas, ni infraestructuras de \u00e1rea protegida<\/strong>&#8221; y que se mantiene una ambulancia del puesto sanitario Villa Futalaufquen, para cualquier eventualidad.<\/p>\n\n\n\n<p>Por su parte, el guardaparque del Parque Nacional Los Alerces,&nbsp;<strong>Danilo Hern\u00e1ndez Ota\u00f1o<\/strong>, explic\u00f3 que el foco de incendio se encuentra en el \u00e1rea de bosque nativo, &#8220;<strong>donde no hay camping ni personas<\/strong>&#8220;.<\/p>\n\n\n\n<p><strong>El incendio comenz\u00f3 el jueves por la noche,<\/strong>&nbsp;con dos focos muy pr\u00f3ximos uno del otro. La propagaci\u00f3n del fuego hizo que ambos se unieran transform\u00e1ndose en un solo incendio que pas\u00f3 de afectar a<strong>&nbsp;65 hect\u00e1reas de monte nativo hasta 577 hect\u00e1reas y contin\u00faa expandi\u00e9ndose.<\/strong><\/p>\n","protected":false},"excerpt":{"rendered":"<p>Sigue \u201cfuera de control\u201d\u00a0el incendio desatado en el arroyo Centinela, a la altura de bah\u00eda Rosales del lago Futalaufquen en el Parque Nacional Los Alerces en Chubut y el siniestro&hellip; <\/p>\n","protected":false},"author":12,"featured_media":121344,"comment_status":"closed","ping_status":"open","sticky":false,"template":"","format":"standard","meta":{"footnotes":""},"categories":[10],"tags":[],"class_list":["post-121339","post","type-post","status-publish","format-standard","has-post-thumbnail","hentry","category-nacionales"],"_links":{"self":[{"href":"https:\/\/corrientesdetarde.com\/index.php\/wp-json\/wp\/v2\/posts\/121339","targetHints":{"allow":["GET"]}}],"collection":[{"href":"https:\/\/corrientesdetarde.com\/index.php\/wp-json\/wp\/v2\/posts"}],"about":[{"href":"https:\/\/corrientesdetarde.com\/index.php\/wp-json\/wp\/v2\/types\/post"}],"author":[{"embeddable":true,"href":"https:\/\/corrientesdetarde.com\/index.php\/wp-json\/wp\/v2\/users\/12"}],"replies":[{"embeddable":true,"href":"https:\/\/corrientesdetarde.com\/index.php\/wp-json\/wp\/v2\/comments?post=121339"}],"version-history":[{"count":1,"href":"https:\/\/corrientesdetarde.com\/index.php\/wp-json\/wp\/v2\/posts\/121339\/revisions"}],"predecessor-version":[{"id":121345,"href":"https:\/\/corrientesdetarde.com\/index.php\/wp-json\/wp\/v2\/posts\/121339\/revisions\/121345"}],"wp:featuredmedia":[{"embeddable":true,"href":"https:\/\/corrientesdetarde.com\/index.php\/wp-json\/wp\/v2\/media\/121344"}],"wp:attachment":[{"href":"https:\/\/corrientesdetarde.com\/index.php\/wp-json\/wp\/v2\/media?parent=121339"}],"wp:term":[{"taxonomy":"category","embeddable":true,"href":"https:\/\/corrientesdetarde.com\/index.php\/wp-json\/wp\/v2\/categories?post=121339"},{"taxonomy":"post_tag","embeddable":true,"href":"https:\/\/corrientesdetarde.com\/index.php\/wp-json\/wp\/v2\/tags?post=121339"}],"curies":[{"name":"wp","href":"https:\/\/api.w.org\/{rel}","templated":true}]}}