{"id":121341,"date":"2024-01-27T18:02:24","date_gmt":"2024-01-27T21:02:24","guid":{"rendered":"https:\/\/corrientesdetarde.com\/?p=121341"},"modified":"2024-01-27T18:02:27","modified_gmt":"2024-01-27T21:02:27","slug":"crimen-de-umma-encontraron-al-ultimo-sospechoso-y-ya-son-5-los-detenidos","status":"publish","type":"post","link":"https:\/\/corrientesdetarde.com\/index.php\/crimen-y-justicia\/crimen-de-umma-encontraron-al-ultimo-sospechoso-y-ya-son-5-los-detenidos\/","title":{"rendered":"Crimen de Umma: encontraron al \u00faltimo sospechoso y ya son 5 los detenidos"},"content":{"rendered":"\n<p>Un nuevo sospechoso fue detenido esta noche por el\u00a0<strong>crimen de Umma Aguilera<\/strong>, la hija de 9 a\u00f1os de un custodio de la ministra de Seguridad de la Naci\u00f3n,\u00a0<strong>Patricia Bullrich<\/strong>, asesinada durante un asalto en el partido bonaerense de Lomas de Zamora, por lo que\u00a0<strong>ya suman cinco los apresados por el caso<\/strong>.<\/p>\n\n\n\n<p>En tanto, los dos j\u00f3venes mayores de edad arrestados ayer\u00a0<strong>se negaron a declarar ante el fiscal de la causa<\/strong>, mientras que un menor edad tambi\u00e9n capturado el jueves ser\u00e1 llevado ma\u00f1ana a declarar ante el Fuero de Responsabilidad Penal Juvenil (FRPJ) lomense.<\/p>\n\n\n\n<p><strong>&#8220;\u00daltimo pr\u00f3fugo del asesinato de Umma preso. Ariel Acu\u00f1a Vega, asesino de ni\u00f1os, preso. \u00a1Gran trabajo de la Polic\u00eda Federal!&#8221;<\/strong>, confirm\u00f3 esta noche a trav\u00e9s de su cuenta en la red social X la ministra Bullrich.<\/p>\n\n\n\n<p>Por el momento&nbsp;<strong>son cinco los detenidos por el caso, cuatro mayores y el menor<\/strong>, aunque la principal hip\u00f3tesis apunta a que los autores del crimen&nbsp;<strong>fueron cuatro<\/strong>.<\/p>\n\n\n\n<p>Por su parte,&nbsp;<strong>Nicol\u00e1s Axel Emiliano Rojas (20), alias &#8220;Pelusa&#8221;; y M.P.R.M. (20)<\/strong>, apresados ayer se negaron esta tarde a declarar al ser indagados por el fiscal Pablo Rossi, de la Unidad Funcional de Instrucci\u00f3n (UFI) 18 de Lomas de Zamora.<\/p>\n\n\n\n<p>Durante la diligencia, el instructor judicial les imput\u00f3 los delitos de&nbsp;<strong>&#8220;robo agravado por el uso de arma de fuego (dos hechos) y homicidio criminis causa&#8221;<\/strong>.<\/p>\n\n\n\n<p>De acuerdo con los voceros, tras la indagatoria, los dos sospechosos seguir\u00e1n detenidos a disposici\u00f3n de la Justicia de Garant\u00edas.<\/p>\n\n\n\n<p>A su vez, ayer tambi\u00e9n fue apresado&nbsp;<strong>un adolescente de 17 a\u00f1os, hermano de M.P.R.M<\/strong>, quien ser\u00e1 llevado a declarar ma\u00f1ana ante el fiscal Juan Ignacio Colazo de la UFI 2 del FRPJ.<\/p>\n\n\n\n<p>Ayer, la ministra Bullrich, al confirmar las detenciones de los dos \u00faltimos sospechosos -los hermanos de 20 y 17 a\u00f1os-, dijo en su cuenta en la red social X que buscaban a un &#8220;nuevo c\u00f3mplice&#8221;.<\/p>\n\n\n\n<p>Los detectives de la polic\u00eda bonaerense y de la federal continuaron durante toda esta la jornada en busca de ese sospechoso, que se cree es el \u00faltimo apresado,<\/p>\n","protected":false},"excerpt":{"rendered":"<p>Un nuevo sospechoso fue detenido esta noche por el\u00a0crimen de Umma Aguilera, la hija de 9 a\u00f1os de un custodio de la ministra de Seguridad de la Naci\u00f3n,\u00a0Patricia Bullrich, asesinada&hellip; <\/p>\n","protected":false},"author":12,"featured_media":121349,"comment_status":"closed","ping_status":"open","sticky":false,"template":"","format":"standard","meta":{"footnotes":""},"categories":[5],"tags":[],"class_list":["post-121341","post","type-post","status-publish","format-standard","has-post-thumbnail","hentry","category-crimen-y-justicia"],"_links":{"self":[{"href":"https:\/\/corrientesdetarde.com\/index.php\/wp-json\/wp\/v2\/posts\/121341","targetHints":{"allow":["GET"]}}],"collection":[{"href":"https:\/\/corrientesdetarde.com\/index.php\/wp-json\/wp\/v2\/posts"}],"about":[{"href":"https:\/\/corrientesdetarde.com\/index.php\/wp-json\/wp\/v2\/types\/post"}],"author":[{"embeddable":true,"href":"https:\/\/corrientesdetarde.com\/index.php\/wp-json\/wp\/v2\/users\/12"}],"replies":[{"embeddable":true,"href":"https:\/\/corrientesdetarde.com\/index.php\/wp-json\/wp\/v2\/comments?post=121341"}],"version-history":[{"count":1,"href":"https:\/\/corrientesdetarde.com\/index.php\/wp-json\/wp\/v2\/posts\/121341\/revisions"}],"predecessor-version":[{"id":121350,"href":"https:\/\/corrientesdetarde.com\/index.php\/wp-json\/wp\/v2\/posts\/121341\/revisions\/121350"}],"wp:featuredmedia":[{"embeddable":true,"href":"https:\/\/corrientesdetarde.com\/index.php\/wp-json\/wp\/v2\/media\/121349"}],"wp:attachment":[{"href":"https:\/\/corrientesdetarde.com\/index.php\/wp-json\/wp\/v2\/media?parent=121341"}],"wp:term":[{"taxonomy":"category","embeddable":true,"href":"https:\/\/corrientesdetarde.com\/index.php\/wp-json\/wp\/v2\/categories?post=121341"},{"taxonomy":"post_tag","embeddable":true,"href":"https:\/\/corrientesdetarde.com\/index.php\/wp-json\/wp\/v2\/tags?post=121341"}],"curies":[{"name":"wp","href":"https:\/\/api.w.org\/{rel}","templated":true}]}}