{"id":121342,"date":"2024-01-27T18:03:12","date_gmt":"2024-01-27T21:03:12","guid":{"rendered":"https:\/\/corrientesdetarde.com\/?p=121342"},"modified":"2024-01-27T18:03:13","modified_gmt":"2024-01-27T21:03:13","slug":"el-fmi-se-reune-el-proximo-miercoles-para-analizar-el-acuerdo-con-la-argentina","status":"publish","type":"post","link":"https:\/\/corrientesdetarde.com\/index.php\/politica\/el-fmi-se-reune-el-proximo-miercoles-para-analizar-el-acuerdo-con-la-argentina\/","title":{"rendered":"El FMI se re\u00fane el pr\u00f3ximo mi\u00e9rcoles para analizar el acuerdo con la Argentina"},"content":{"rendered":"\n<p>El Directorio del\u00a0<strong>Fondo Monetario Internacional (FMI)<\/strong>\u00a0analizar\u00e1 el\u00a0<strong>pr\u00f3ximo mi\u00e9rcoles, 31 de enero<\/strong>, el\u00a0<strong>acuerdo t\u00e9cnico<\/strong>\u00a0alcanzado con la Argentina en el marco de la\u00a0<strong>s\u00e9ptima revisi\u00f3n del Programa de Facilidades Extendidas<\/strong>, informaron esta tarde fuentes gubernamentales.<\/p>\n\n\n\n<p>La aprobaci\u00f3n del Directorio\u00a0<strong>permitir\u00e1 liberar de manera inmediata el desembolso de parte del organismo de US$$ 4.700 millones<\/strong>, que ser\u00e1n utilizados por la Argentina para el pago de los compromisos de diciembre, enero y abril pr\u00f3ximo.<\/p>\n\n\n\n<p>El 10 de enero pasado, el ministro de Econom\u00eda, Luis Caputo, anunci\u00f3 que se logr\u00f3&nbsp;<strong>&#8220;reflotar el Acuerdo de Facilidades Ampliadas, que estaba ca\u00eddo, con el Fondo Monetario Internacional&#8221;.&nbsp;<\/strong>En ese entonces, el ministro aclar\u00f3 que no se trataba de &#8220;un acuerdo nuevo&#8221;.<\/p>\n\n\n\n<p>A partir de esa negociaci\u00f3n, Argentina recibir\u00e1 desembolsos &#8220;para pagar los vencimientos de capital correspondientes a diciembre, enero y abril&#8221;.<\/p>\n\n\n\n<p>El FMI apoy\u00f3 las medidas econ\u00f3micas de Javier Milei<\/p>\n\n\n\n<p>El equipo t\u00e9cnico del organismo que visit\u00f3 el pa\u00eds, encabezado por Luis Cubeddu y Ashvin Ahuja, observ\u00f3 que el programa original &#8220;se desvi\u00f3 gravemente de su rumbo:&nbsp;<strong>se incumplieron las metas de d\u00e9ficit fiscal primario y de deudas internas para finales de septiembre<\/strong>, y datos preliminares sugieren que las metas de fin de a\u00f1o se incumplieron incluso por un margen mayor&#8221;.<\/p>\n\n\n\n<p>El informe de los t\u00e9cnicos del organismo resalt\u00f3 que &#8220;el presidente Javier Milei y su equipo econ\u00f3mico&nbsp;<strong>actuaron de manera r\u00e1pida y decisiva para desarrollar e implementar un s\u00f3lido paquete de pol\u00edticas con el objetivo de restaurar la estabilidad macroecon\u00f3mica<\/strong>, demostrando total determinaci\u00f3n para llevar el programa actual de vuelta al rumbo correcto&#8221;.<\/p>\n\n\n\n<p>Estimaron adem\u00e1s, que &#8220;a medida que se implementen las pol\u00edticas y se reconstruya la credibilidad,&nbsp;<strong>deber\u00eda iniciarse un proceso gradual de desinflaci\u00f3n<\/strong>, acompa\u00f1ado de un fortalecimiento adicional en las reservas y una eventual recuperaci\u00f3n en la producci\u00f3n, la demanda y los salarios reales.<\/p>\n","protected":false},"excerpt":{"rendered":"<p>El Directorio del\u00a0Fondo Monetario Internacional (FMI)\u00a0analizar\u00e1 el\u00a0pr\u00f3ximo mi\u00e9rcoles, 31 de enero, el\u00a0acuerdo t\u00e9cnico\u00a0alcanzado con la Argentina en el marco de la\u00a0s\u00e9ptima revisi\u00f3n del Programa de Facilidades Extendidas, informaron esta tarde&hellip; <\/p>\n","protected":false},"author":12,"featured_media":121351,"comment_status":"closed","ping_status":"open","sticky":false,"template":"","format":"standard","meta":{"footnotes":""},"categories":[3],"tags":[],"class_list":["post-121342","post","type-post","status-publish","format-standard","has-post-thumbnail","hentry","category-politica"],"_links":{"self":[{"href":"https:\/\/corrientesdetarde.com\/index.php\/wp-json\/wp\/v2\/posts\/121342","targetHints":{"allow":["GET"]}}],"collection":[{"href":"https:\/\/corrientesdetarde.com\/index.php\/wp-json\/wp\/v2\/posts"}],"about":[{"href":"https:\/\/corrientesdetarde.com\/index.php\/wp-json\/wp\/v2\/types\/post"}],"author":[{"embeddable":true,"href":"https:\/\/corrientesdetarde.com\/index.php\/wp-json\/wp\/v2\/users\/12"}],"replies":[{"embeddable":true,"href":"https:\/\/corrientesdetarde.com\/index.php\/wp-json\/wp\/v2\/comments?post=121342"}],"version-history":[{"count":1,"href":"https:\/\/corrientesdetarde.com\/index.php\/wp-json\/wp\/v2\/posts\/121342\/revisions"}],"predecessor-version":[{"id":121352,"href":"https:\/\/corrientesdetarde.com\/index.php\/wp-json\/wp\/v2\/posts\/121342\/revisions\/121352"}],"wp:featuredmedia":[{"embeddable":true,"href":"https:\/\/corrientesdetarde.com\/index.php\/wp-json\/wp\/v2\/media\/121351"}],"wp:attachment":[{"href":"https:\/\/corrientesdetarde.com\/index.php\/wp-json\/wp\/v2\/media?parent=121342"}],"wp:term":[{"taxonomy":"category","embeddable":true,"href":"https:\/\/corrientesdetarde.com\/index.php\/wp-json\/wp\/v2\/categories?post=121342"},{"taxonomy":"post_tag","embeddable":true,"href":"https:\/\/corrientesdetarde.com\/index.php\/wp-json\/wp\/v2\/tags?post=121342"}],"curies":[{"name":"wp","href":"https:\/\/api.w.org\/{rel}","templated":true}]}}