{"id":121343,"date":"2024-01-27T18:13:25","date_gmt":"2024-01-27T21:13:25","guid":{"rendered":"https:\/\/corrientesdetarde.com\/?p=121343"},"modified":"2024-01-27T18:13:30","modified_gmt":"2024-01-27T21:13:30","slug":"pesar-por-la-muerte-de-un-suboficial-mayor-de-la-policia-de-corrientes","status":"publish","type":"post","link":"https:\/\/corrientesdetarde.com\/index.php\/sociales\/pesar-por-la-muerte-de-un-suboficial-mayor-de-la-policia-de-corrientes\/","title":{"rendered":"Pesar por la muerte de un suboficial mayor de la Polic\u00eda de Corrientes"},"content":{"rendered":"\n<p>La Polic\u00eda de Corrientes inform\u00f3 este s\u00e1bado el fallecimiento del suboficial mayor Pablo Guillermo G\u00f3mez, quien cumpl\u00eda funciones en la Direcci\u00f3n General Brigada Territorial y Lucha Contra el Fuego (anteriormente Unidad Especial de Bomberos).<\/p>\n\n\n\n<p>G\u00f3mez fue reconocido por&nbsp;el gran rol que cumpli\u00f3 en beneficio de la sociedad correntina en los a\u00f1os que prest\u00f3 servicio para la Polic\u00eda durante tiempos dif\u00edciles.<\/p>\n\n\n\n<p>El suboficial prest\u00f3 sus servicios en&nbsp;el combate contra&nbsp;la gran la sequ\u00eda, los incendios forestales, pandemia del Covid 19, inundaciones y cientos de otras actividades donde e fue uno de los principales protagonistas.<\/p>\n\n\n\n<p>Es por ello que el ministro de Seguridad Buenaventura Duarte, el subsecretario de Seguridad Osvaldo de los Santos Garc\u00eda, el Jefe de la Polic\u00eda, comisario general (Dr.) Alberto Arnaldo Molina, el subjefe comisario general Jorge Andr\u00e9s Cristaldo y directores generales integrantes del Estado Mayor Policial, elevan una oraci\u00f3n en honor a esta persona que se caracteriz\u00f3 por su gran servicio a la comunidad.<\/p>\n\n\n\n<p>Tambi\u00e9n, env\u00edan sus condolencias a los familiares, los directores, jefes de departamentos, directores de unidades regionales, jefes de comisar\u00edas del \u00e1rea Capital e Interior, jefes de divisiones y unidades especiales, personal superior y subalterno de la Polic\u00eda de Corrientes, tanto en actividad como en situaci\u00f3n de retiro.<\/p>\n","protected":false},"excerpt":{"rendered":"<p>La Polic\u00eda de Corrientes inform\u00f3 este s\u00e1bado el fallecimiento del suboficial mayor Pablo Guillermo G\u00f3mez, quien cumpl\u00eda funciones en la Direcci\u00f3n General Brigada Territorial y Lucha Contra el Fuego (anteriormente&hellip; <\/p>\n","protected":false},"author":12,"featured_media":121353,"comment_status":"closed","ping_status":"open","sticky":false,"template":"","format":"standard","meta":{"footnotes":""},"categories":[17],"tags":[],"class_list":["post-121343","post","type-post","status-publish","format-standard","has-post-thumbnail","hentry","category-sociales"],"_links":{"self":[{"href":"https:\/\/corrientesdetarde.com\/index.php\/wp-json\/wp\/v2\/posts\/121343","targetHints":{"allow":["GET"]}}],"collection":[{"href":"https:\/\/corrientesdetarde.com\/index.php\/wp-json\/wp\/v2\/posts"}],"about":[{"href":"https:\/\/corrientesdetarde.com\/index.php\/wp-json\/wp\/v2\/types\/post"}],"author":[{"embeddable":true,"href":"https:\/\/corrientesdetarde.com\/index.php\/wp-json\/wp\/v2\/users\/12"}],"replies":[{"embeddable":true,"href":"https:\/\/corrientesdetarde.com\/index.php\/wp-json\/wp\/v2\/comments?post=121343"}],"version-history":[{"count":2,"href":"https:\/\/corrientesdetarde.com\/index.php\/wp-json\/wp\/v2\/posts\/121343\/revisions"}],"predecessor-version":[{"id":121355,"href":"https:\/\/corrientesdetarde.com\/index.php\/wp-json\/wp\/v2\/posts\/121343\/revisions\/121355"}],"wp:featuredmedia":[{"embeddable":true,"href":"https:\/\/corrientesdetarde.com\/index.php\/wp-json\/wp\/v2\/media\/121353"}],"wp:attachment":[{"href":"https:\/\/corrientesdetarde.com\/index.php\/wp-json\/wp\/v2\/media?parent=121343"}],"wp:term":[{"taxonomy":"category","embeddable":true,"href":"https:\/\/corrientesdetarde.com\/index.php\/wp-json\/wp\/v2\/categories?post=121343"},{"taxonomy":"post_tag","embeddable":true,"href":"https:\/\/corrientesdetarde.com\/index.php\/wp-json\/wp\/v2\/tags?post=121343"}],"curies":[{"name":"wp","href":"https:\/\/api.w.org\/{rel}","templated":true}]}}