{"id":121514,"date":"2024-01-28T11:50:17","date_gmt":"2024-01-28T14:50:17","guid":{"rendered":"https:\/\/corrientesdetarde.com\/?p=121514"},"modified":"2024-01-28T11:50:18","modified_gmt":"2024-01-28T14:50:18","slug":"las-fuerzas-del-cielo-chocaron-contra-el-congreso","status":"publish","type":"post","link":"https:\/\/corrientesdetarde.com\/index.php\/politica\/las-fuerzas-del-cielo-chocaron-contra-el-congreso\/","title":{"rendered":"Las Fuerzas del Cielo chocaron contra el Congreso"},"content":{"rendered":"\n<p>(Fuente La Cuarta On line\/ Alejandro Almendros) &#8211; El gobierno de Javier Milei tuvo su ba\u00f1o de realidad, y entendi\u00f3 que la base de sus votantes fue del 29% y no del 56% como muchos quieren hacer creer.<\/p>\n\n\n\n<p>Ese porcentaje, es el que le permiti\u00f3 conformar un escaso bloque de 38 legisladores, el cual tiene que hacer acuerdos y negociaciones para llevar adelante cualquier proyecto de ley.<\/p>\n\n\n\n<p>Javier Milei, y su nuevo ministro influencer, o super ministro, Luis Caputo, que desde que se sumo a las \u201cFuerzas del Cielo\u201d descubri\u00f3 la comunicaci\u00f3n digital, tuvieron que quitar el apartado fiscal de la ley \u00f3mnibus, porque se acercaban a un precipicio del cual no ten\u00edan retorno.<\/p>\n\n\n\n<p>Milei, como cualquier principiante, se va dando cuenta que gobernar no es lo mismo que estar en campa\u00f1a.<\/p>\n\n\n\n<p>La oposici\u00f3n cercana al gobierno, es la que le est\u00e1 marcando los tiempos al Ejecutivo. Sin la colaboraci\u00f3n de los bloques del Pro, los Pichettistas, Innovaci\u00f3n Federal y parte del Radicalismo, el proyecto de la Ley de Bases, hubiese fracasado por completo.<\/p>\n\n\n\n<p>El bloque de gobernadores de la oposici\u00f3n dialoguista, junto a gobernadores del peronismo, fueron imponiendo condiciones y terminaron deshilachando la ley.<\/p>\n\n\n\n<p>Los primeros fueron los patag\u00f3nicos con la Ley de Pesca. Se juntaron y lograron modificar los art\u00edculos. Esa, fue la primera llamada de alerta para el mega proyecto de ley elaborado por Federico Sturzenegger.<\/p>\n\n\n\n<p>Al gobierno libertario le preocupa que sus seguidores sigan creyendo en el eslogan de \u201cnosotros o la casta\u201d. Por eso desde lo comunicacional insist\u00edan con que la ley era inmodificable. Eso era pura espuma.<\/p>\n\n\n\n<p>Algunos, como el tucumano Jaldo, aceptaron que sus diputados levanten la mano a cambio de concesiones por el tema azucarero y por el env\u00edo de fondos provinciales. El art\u00edculo 59 dejaba sin efecto la Ley del Az\u00facar, que regulaba la producci\u00f3n de esta materia prima. Adem\u00e1s, se hab\u00edan comprometido desde el Ejecutivo a coparticipar impuesto a las ganancias que para Tucum\u00e1n representa el 8% de su presupuesto.<\/p>\n\n\n\n<p>\u00bfA esto se refer\u00eda Milei cuando hablaba de \u201cnegociaciones\u201d o que los legisladores ped\u00edan algo a cambio?<\/p>\n\n\n\n<p>El gobierno ya hab\u00eda cedido en otros tantos puntos. Econom\u00edas Regionales, ley de pesca, Fondo Nacional de las Artes, el Inca, y en el tema de biocombustibles entre otros.<\/p>\n\n\n\n<p>Sobre biocombustibles se sigue negociando. Sobre las empresas estatales a ser privatizadas tambi\u00e9n. Hasta el momento YPF y el Banco Naci\u00f3n estar\u00edan afuera. Respecto de Nucleoel\u00e9ctrica y ARSAT se estableci\u00f3 que el Estado solamente puede realizar una privatizaci\u00f3n parcial, debiendo mantener el control de la empresa.<\/p>\n\n\n\n<p>El dictamen del oficialismo propone declarar sujetas a privatizaci\u00f3n 35 empresas p\u00fablicas. Aerol\u00edneas Argentinas, Ferrocarriles Argentinos, Correo, Administraci\u00f3n General de Puertos entre otras.<\/p>\n\n\n\n<p>Los n\u00fameros no est\u00e1n cerrados.<\/p>\n\n\n\n<p>La sucesi\u00f3n de hechos comenz\u00f3 con la cuestionada firma del dictamen de mayor\u00eda obtenida a la 1:30 de la madrugada en el recinto, y cuando el texto a\u00fan no estaba volcado en los papeles.<\/p>\n\n\n\n<p>En la ma\u00f1ana siguiente, Mart\u00edn Menem, presidente de la C\u00e1mara de diputados, convoc\u00f3 a una reuni\u00f3n en el departamento de Tom\u00e1s Figueroa, que es el secretario parlamentario de la C\u00e1mara de Diputados.<\/p>\n\n\n\n<p>El Santiague\u00f1o Figueroa, se desempe\u00f1aba junto a la senadora nacional Mar\u00eda In\u00e9s Pilatti Vergara (Chaco del Frente de Todos). Muy cercana a la ex presidenta Cristina Kirchner. Los v\u00ednculos entre el Kirchnerismo y los libertarios, siempre flotan en las segundas l\u00edneas.<\/p>\n\n\n\n<p>Pichetto, al enterarse de la jugada, y con gran conocimiento del esc\u00e1ndalo que podr\u00eda llegar a darse, como ser\u00eda la anulaci\u00f3n de todo lo actuado, se comunic\u00f3 con Menem y le dijo que nadie de su bloque iba a participar de cualquier reuni\u00f3n que haga al tr\u00e1mite legislativo, fuera del recinto. Uno de sus diputados, Oscar Agost Carre\u00f1o, ya estaba en el departamento y procedi\u00f3 a retirarse. Tambi\u00e9n estaba la Radical Pamela Verasay, que responde a Cornejo (se encuentra en la feria de Turismo en Espa\u00f1a), y Silvia Lospennato, del PRO, a quien se menciona para ocupar la vicepresidencia tercera de la C\u00e1mara Baja que a\u00fan se encuentra vacante y le corresponde a los \u201camarillos\u201d.<\/p>\n\n\n\n<p>En frente, en La Biela, Cristian Ritondo y el presidente de bloque de La Libertad Avanza Oscar Zago, digitaban todo. Mart\u00edn Menem fue y vino varias veces.<\/p>\n\n\n\n<p>En la noche anterior, los encuentros se dieron en el hotel Savoy.<\/p>\n\n\n\n<p>En la concentraci\u00f3n del mi\u00e9rcoles por parte de la CGT, el cotitular Pablo Moyano, volvi\u00f3 a recordar el tema de la Banelco, y record\u00f3 que tambi\u00e9n estaba Patricia Bullrich. (El viernes se reunieron los secretarios generales de las 62 organizaciones es el Sindicato de taxistas en Caballito con la presencia de H\u00e9ctor Daer).<\/p>\n\n\n\n<p>Fue un dato importante para que el proyecto de la Ley empiece a caer.<\/p>\n\n\n\n<p>Ya se empezaba a hablar de la impericia del presidente de la C\u00e1mara Mart\u00edn Menem y que otra vez desde el PRO quer\u00edan reemplazarlo con Ritondo.<\/p>\n\n\n\n<p>Karina Milei fue a mostrar que el Gobierno no le soltaba la mano y fue a evaluar los avances en un almuerzo que dejaron trascender en el despacho de Menem.<\/p>\n\n\n\n<p>Maximiliano Fari\u00f1a \u2013 mano derecha de Federico Sturzenegger \u2013 recib\u00eda a los jefes de bloques con el secretario ejecutivo de la Jefatura de Gabinete, Jos\u00e9 Rolandi, y las negociaciones no auguraban un buen futuro para el proyecto.<\/p>\n\n\n\n<p>En el mientras tanto, el verdadero hombre fuerte del gabinete, Nicol\u00e1s Posse, se cobraba su primera deuda. Guillermo Ferraro era destituido. La excusa, fue que el hab\u00eda sido quien filtrara la informaci\u00f3n de los dichos de Milei en la reuni\u00f3n de Gabinete sobre la asfixia financiera a los gobernadores.<\/p>\n\n\n\n<p>Antes de asumir, ya le hab\u00edan quitado Miner\u00eda y Energ\u00eda. Caputo se quedar\u00e1 con todo.<\/p>\n\n\n\n<p>Posse, tiene a otro funcionario entre ceja y ceja. El secretario de Prensa y comunicaci\u00f3n Eduardo Serenellini. En la semana, echaron a Alejandro Perandones, su mano derecha.<\/p>\n\n\n\n<p>Serenellini molesta a varios ministros.<\/p>\n\n\n\n<p>Mauricio Macri presiona por mas lugares porque sabe que el gobierno se sostiene en el apoyo legislativo del PRO.<\/p>\n\n\n\n<p>Pichetto tambi\u00e9n se revaloriza. Nunca es inteligente maltratar a los amigos, porque si se cansan, pueden convertirse en enemigos m\u00e1s fuertes.<\/p>\n\n\n\n<p>Milei los maltrat\u00f3. Dijo que la ley era intocable. Que los legisladores eran la Casta. Hoy tuvo que capitular.<\/p>\n\n\n\n<p>La decisi\u00f3n de Caputo se tom\u00f3 luego de varias consultas que realiz\u00f3 el ministro del Interior, Guillermo Francos, con los gobernadores de Juntos por el Cambio. Frigerio, Pullaro y Nacho Torres. Santilli y Ritondo eran parte importante de las negociaciones.<\/p>\n\n\n\n<p>Si el gobierno insist\u00eda con el mismo proyecto, la iniciativa se apoyar\u00eda en general, pero nadie garantizaba la votaci\u00f3n en particular.<\/p>\n\n\n\n<p>La base de 129 diputados no estaba asegurada.<\/p>\n\n\n\n<p>Caputo fue el que propuso sacar el cap\u00edtulo fiscal, pero para castigar a los gobernadores. \u201cSi sacamos ganancias (60 para provincias y 40 para naci\u00f3n) y coparticipaci\u00f3n del blanqueo, les quitamos dinero a los gobernadores\u201d.<\/p>\n\n\n\n<p>La idea de hacerles pagar el costo pol\u00edtico y a su vez econ\u00f3mico, desvela al super ministro. Caputo quiere revancha.<\/p>\n\n\n\n<p>Los casi 3000 millones de d\u00f3lares que dejar\u00e1 de percibir el Ejecutivo, aseguran desde la Libertad Avanza, que lo van a dejar para m\u00e1s adelante, pero en realidad har\u00e1n un ajuste m\u00e1s grande. Lo tendr\u00e1n que discutir en el segundo semestre.<\/p>\n\n\n\n<p>Se analiza subir el impuesto a los combustibles.<\/p>\n\n\n\n<p>Aquello que la oposici\u00f3n no quiere, el ministro dijo que lo van a hacer de una manera o de otra. El ajuste que se iba a hacer por la ley, ahora lo va a hacer con resoluciones que no necesiten pasar por el congreso.<\/p>\n\n\n\n<p>Uno de los temas a discutir, es el de las Facultades delegadas. Hay que ver si el PEN se reserva la posibilidad de modificar al\u00edcuotas<\/p>\n\n\n\n<p>Con respecto al Fondo de garant\u00eda de sustentabilidad de la Anses, hay 13 provincias que le reclaman deuda a las Anses, y \u00e9sta, le reclama a las cajas provinciales.<\/p>\n\n\n\n<p>Muchos se preguntan, porque el gobierno no elimina todos los reg\u00edmenes de promoci\u00f3n, incluido el de Tierra del Fuego que se llevan casi 2 puntos porcentuales del PBI. All\u00ed talla fuerte Nicky Caputo.<\/p>\n\n\n\n<p>El s\u00e1bado hubo una reuni\u00f3n por zoom de los gobernadores y legisladores. Hay algunas dudas para delegarle facultades para que Milei pueda actuar.<\/p>\n\n\n\n<p>Luis Caputo dijo: \u201cMencion\u00e9 todo lo que tiene impacto en los n\u00fameros fiscales. Evaluaremos nuevas medidas y trataremos de consensuarlas con los gobernadores y los legisladores en el futuro. Este es un gobierno que escucha. Por ah\u00ed a algunos les puede parecer raro, pero es lo que cualquier gobierno debiera hacer. A pesar de los gritos en el Congreso, los escuchamos\u201c. No les qued\u00f3 otra. Guapos eran los de antes.<\/p>\n","protected":false},"excerpt":{"rendered":"<p>(Fuente La Cuarta On line\/ Alejandro Almendros) &#8211; El gobierno de Javier Milei tuvo su ba\u00f1o de realidad, y entendi\u00f3 que la base de sus votantes fue del 29% y&hellip; <\/p>\n","protected":false},"author":11,"featured_media":121515,"comment_status":"closed","ping_status":"open","sticky":false,"template":"","format":"standard","meta":{"footnotes":""},"categories":[3],"tags":[1518],"class_list":["post-121514","post","type-post","status-publish","format-standard","has-post-thumbnail","hentry","category-politica","tag-almendros"],"_links":{"self":[{"href":"https:\/\/corrientesdetarde.com\/index.php\/wp-json\/wp\/v2\/posts\/121514","targetHints":{"allow":["GET"]}}],"collection":[{"href":"https:\/\/corrientesdetarde.com\/index.php\/wp-json\/wp\/v2\/posts"}],"about":[{"href":"https:\/\/corrientesdetarde.com\/index.php\/wp-json\/wp\/v2\/types\/post"}],"author":[{"embeddable":true,"href":"https:\/\/corrientesdetarde.com\/index.php\/wp-json\/wp\/v2\/users\/11"}],"replies":[{"embeddable":true,"href":"https:\/\/corrientesdetarde.com\/index.php\/wp-json\/wp\/v2\/comments?post=121514"}],"version-history":[{"count":1,"href":"https:\/\/corrientesdetarde.com\/index.php\/wp-json\/wp\/v2\/posts\/121514\/revisions"}],"predecessor-version":[{"id":121517,"href":"https:\/\/corrientesdetarde.com\/index.php\/wp-json\/wp\/v2\/posts\/121514\/revisions\/121517"}],"wp:featuredmedia":[{"embeddable":true,"href":"https:\/\/corrientesdetarde.com\/index.php\/wp-json\/wp\/v2\/media\/121515"}],"wp:attachment":[{"href":"https:\/\/corrientesdetarde.com\/index.php\/wp-json\/wp\/v2\/media?parent=121514"}],"wp:term":[{"taxonomy":"category","embeddable":true,"href":"https:\/\/corrientesdetarde.com\/index.php\/wp-json\/wp\/v2\/categories?post=121514"},{"taxonomy":"post_tag","embeddable":true,"href":"https:\/\/corrientesdetarde.com\/index.php\/wp-json\/wp\/v2\/tags?post=121514"}],"curies":[{"name":"wp","href":"https:\/\/api.w.org\/{rel}","templated":true}]}}