{"id":121550,"date":"2024-01-28T19:55:37","date_gmt":"2024-01-28T22:55:37","guid":{"rendered":"https:\/\/corrientesdetarde.com\/?p=121550"},"modified":"2024-01-28T19:55:43","modified_gmt":"2024-01-28T22:55:43","slug":"monte-caseros-se-quemaron-10-hectareas-en-zona-de-aserraderos","status":"publish","type":"post","link":"https:\/\/corrientesdetarde.com\/index.php\/informacion-general\/monte-caseros-se-quemaron-10-hectareas-en-zona-de-aserraderos\/","title":{"rendered":"Monte Caseros: se quemaron 10 hect\u00e1reas en zona de aserraderos."},"content":{"rendered":"\n<h2 class=\"wp-block-heading\">Seg\u00fan informaci\u00f3n publicada por el medio Portal Corrientes Mocoret\u00e1 unas 10 hect\u00e1reas se prendieron fuego durante la siesta de este s\u00e1bado. El alerta lo habr\u00edan lanzado los Bomberos de Monte Caseros, que solicitaron ayuda a los efectivos de la localidad vecina.<\/h2>\n\n\n\n<p>Seg\u00fan expresaron, siendo las 13:50 de este s\u00e1bado recibieron un llamado de los Bomberos de Monte Caseros alertando sobre el incendio.&nbsp;<strong>Esto se dio en una zona de aserraderos, por lo que el aserr\u00edn y pastizales acrecentaron el fuego.<\/strong><\/p>\n\n\n\n<p>Participaron 4 m\u00f3viles con 10 bomberos para una zona afectada de 10 hect\u00e1reas. Tambi\u00e9n particip\u00f3 la polic\u00eda local.<\/p>\n\n\n\n<p>Im\u00e1genes Portal Corrientes Mocoret\u00e1<\/p>\n\n\n\n<figure class=\"wp-block-image\"><a href=\"https:\/\/www.radiosudamericana.com\/notix\/multimedia\/imagenes\/fotos\/2024-01-28\/797440.jpg\"><img decoding=\"async\" src=\"https:\/\/www.radiosudamericana.com\/notix\/multimedia\/imagenes\/fotos\/2024-01-28\/797440.jpg_nota.jpg\" alt=\"\"\/><\/a><\/figure>\n\n\n\n<figure class=\"wp-block-image\"><a href=\"https:\/\/www.radiosudamericana.com\/notix\/multimedia\/imagenes\/fotos\/2024-01-28\/737326.jpg\"><img decoding=\"async\" src=\"https:\/\/www.radiosudamericana.com\/notix\/multimedia\/imagenes\/fotos\/2024-01-28\/737326.jpg_nota.jpg\" alt=\"\"\/><\/a><\/figure>\n","protected":false},"excerpt":{"rendered":"<p>Seg\u00fan informaci\u00f3n publicada por el medio Portal Corrientes Mocoret\u00e1 unas 10 hect\u00e1reas se prendieron fuego durante la siesta de este s\u00e1bado. El alerta lo habr\u00edan lanzado los Bomberos de Monte&hellip; <\/p>\n","protected":false},"author":6,"featured_media":121557,"comment_status":"closed","ping_status":"open","sticky":false,"template":"","format":"standard","meta":{"footnotes":""},"categories":[1],"tags":[],"class_list":["post-121550","post","type-post","status-publish","format-standard","has-post-thumbnail","hentry","category-informacion-general"],"_links":{"self":[{"href":"https:\/\/corrientesdetarde.com\/index.php\/wp-json\/wp\/v2\/posts\/121550","targetHints":{"allow":["GET"]}}],"collection":[{"href":"https:\/\/corrientesdetarde.com\/index.php\/wp-json\/wp\/v2\/posts"}],"about":[{"href":"https:\/\/corrientesdetarde.com\/index.php\/wp-json\/wp\/v2\/types\/post"}],"author":[{"embeddable":true,"href":"https:\/\/corrientesdetarde.com\/index.php\/wp-json\/wp\/v2\/users\/6"}],"replies":[{"embeddable":true,"href":"https:\/\/corrientesdetarde.com\/index.php\/wp-json\/wp\/v2\/comments?post=121550"}],"version-history":[{"count":1,"href":"https:\/\/corrientesdetarde.com\/index.php\/wp-json\/wp\/v2\/posts\/121550\/revisions"}],"predecessor-version":[{"id":121558,"href":"https:\/\/corrientesdetarde.com\/index.php\/wp-json\/wp\/v2\/posts\/121550\/revisions\/121558"}],"wp:featuredmedia":[{"embeddable":true,"href":"https:\/\/corrientesdetarde.com\/index.php\/wp-json\/wp\/v2\/media\/121557"}],"wp:attachment":[{"href":"https:\/\/corrientesdetarde.com\/index.php\/wp-json\/wp\/v2\/media?parent=121550"}],"wp:term":[{"taxonomy":"category","embeddable":true,"href":"https:\/\/corrientesdetarde.com\/index.php\/wp-json\/wp\/v2\/categories?post=121550"},{"taxonomy":"post_tag","embeddable":true,"href":"https:\/\/corrientesdetarde.com\/index.php\/wp-json\/wp\/v2\/tags?post=121550"}],"curies":[{"name":"wp","href":"https:\/\/api.w.org\/{rel}","templated":true}]}}