{"id":121551,"date":"2024-01-28T19:51:55","date_gmt":"2024-01-28T22:51:55","guid":{"rendered":"https:\/\/corrientesdetarde.com\/?p=121551"},"modified":"2024-01-28T19:52:01","modified_gmt":"2024-01-28T22:52:01","slug":"arrestaron-a-un-hombre-por-amenazar-a-su-ex-pareja","status":"publish","type":"post","link":"https:\/\/corrientesdetarde.com\/index.php\/policiales\/arrestaron-a-un-hombre-por-amenazar-a-su-ex-pareja\/","title":{"rendered":"Arrestaron a un hombre por amenazar a su ex pareja."},"content":{"rendered":"\n<h2 class=\"wp-block-heading\">El hecho ocurri\u00f3 en el Barrio Doctor Monta\u00f1a cuando el agresor ingres\u00f3 a la casa de la v\u00edctima la cual manifest\u00f3 que el detenido pose\u00eda una medida de restricci\u00f3n.<\/h2>\n\n\n\n<p>En la madrugada de este domingo un hombre de 35 a\u00f1os fue arrestado por amenazar a su ex pareja en el Barrio Doctor Monta\u00f1a de la ciudad de Corrientes. De acuerdo al testimonio de la v\u00edctima, el detenido ten\u00eda una medida restrictiva de prohibici\u00f3n de acercamiento desde hace tres meses.<\/p>\n\n\n\n<p>Luego de un llamado telef\u00f3nico, efectivos de la Comisar\u00eda N\u00ba 14 acudieron al lugar. Una vez all\u00ed, vieron a la mujer de 28 a\u00f1os se\u00f1alando que el agresor estaba dentro de la casa y con un cuchillo que usaba para amenazarla.<\/p>\n\n\n\n<p>Tras la autorizaci\u00f3n de la due\u00f1a, la polic\u00eda entr\u00f3 a la vivienda y detuvieron al hombre, identificado como M. Ramon Antonio. M\u00e1s tarde, fue trasladado a la unidad policial mencionada y qued\u00f3 a disposici\u00f3n de la unidad fiscal.<\/p>\n\n\n\n<figure class=\"wp-block-image\"><a href=\"https:\/\/www.radiosudamericana.com\/notix\/multimedia\/imagenes\/fotos\/2024-01-28\/283250.jpeg\"><img decoding=\"async\" src=\"https:\/\/www.radiosudamericana.com\/notix\/multimedia\/imagenes\/fotos\/2024-01-28\/283250.jpeg_nota.jpeg\" alt=\"\"\/><\/a><\/figure>\n","protected":false},"excerpt":{"rendered":"<p>El hecho ocurri\u00f3 en el Barrio Doctor Monta\u00f1a cuando el agresor ingres\u00f3 a la casa de la v\u00edctima la cual manifest\u00f3 que el detenido pose\u00eda una medida de restricci\u00f3n. En&hellip; <\/p>\n","protected":false},"author":6,"featured_media":121555,"comment_status":"closed","ping_status":"open","sticky":false,"template":"","format":"standard","meta":{"footnotes":""},"categories":[33],"tags":[],"class_list":["post-121551","post","type-post","status-publish","format-standard","has-post-thumbnail","hentry","category-policiales"],"_links":{"self":[{"href":"https:\/\/corrientesdetarde.com\/index.php\/wp-json\/wp\/v2\/posts\/121551","targetHints":{"allow":["GET"]}}],"collection":[{"href":"https:\/\/corrientesdetarde.com\/index.php\/wp-json\/wp\/v2\/posts"}],"about":[{"href":"https:\/\/corrientesdetarde.com\/index.php\/wp-json\/wp\/v2\/types\/post"}],"author":[{"embeddable":true,"href":"https:\/\/corrientesdetarde.com\/index.php\/wp-json\/wp\/v2\/users\/6"}],"replies":[{"embeddable":true,"href":"https:\/\/corrientesdetarde.com\/index.php\/wp-json\/wp\/v2\/comments?post=121551"}],"version-history":[{"count":1,"href":"https:\/\/corrientesdetarde.com\/index.php\/wp-json\/wp\/v2\/posts\/121551\/revisions"}],"predecessor-version":[{"id":121556,"href":"https:\/\/corrientesdetarde.com\/index.php\/wp-json\/wp\/v2\/posts\/121551\/revisions\/121556"}],"wp:featuredmedia":[{"embeddable":true,"href":"https:\/\/corrientesdetarde.com\/index.php\/wp-json\/wp\/v2\/media\/121555"}],"wp:attachment":[{"href":"https:\/\/corrientesdetarde.com\/index.php\/wp-json\/wp\/v2\/media?parent=121551"}],"wp:term":[{"taxonomy":"category","embeddable":true,"href":"https:\/\/corrientesdetarde.com\/index.php\/wp-json\/wp\/v2\/categories?post=121551"},{"taxonomy":"post_tag","embeddable":true,"href":"https:\/\/corrientesdetarde.com\/index.php\/wp-json\/wp\/v2\/tags?post=121551"}],"curies":[{"name":"wp","href":"https:\/\/api.w.org\/{rel}","templated":true}]}}