{"id":121552,"date":"2024-01-28T19:49:46","date_gmt":"2024-01-28T22:49:46","guid":{"rendered":"https:\/\/corrientesdetarde.com\/?p=121552"},"modified":"2024-01-28T19:49:57","modified_gmt":"2024-01-28T22:49:57","slug":"ferias-de-la-ciudad-enterate-donde-encontrarlas-esta-semana","status":"publish","type":"post","link":"https:\/\/corrientesdetarde.com\/index.php\/informacion-general\/ferias-de-la-ciudad-enterate-donde-encontrarlas-esta-semana\/","title":{"rendered":"Ferias de la ciudad: enterate d\u00f3nde encontrarlas esta semana."},"content":{"rendered":"\n<h2 class=\"wp-block-heading\">Los feriantes capitalinos volver\u00e1n a desembarcar en distintos parques, plazas y paseos. Esta propuesta es una excelente opci\u00f3n para visitar y aprovechar ofertas y productos de calidad, desde el lunes 29 de enero al domingo 4 de febrero.<\/h2>\n\n\n\n<p>La Municipalidad de Corrientes dio a conocer la nueva programaci\u00f3n de las Ferias de la Ciudad que se extender\u00e1 del 29 de enero al 4 de febrero. La iniciativa es parte de una acci\u00f3n coordinada por la Secretar\u00eda de Desarrollo Econ\u00f3mico municipal, a trav\u00e9s de la Subsecretar\u00eda de Econom\u00eda Social.<\/p>\n\n\n\n<p>El recorrido de la semana entrante se iniciar\u00e1 el lunes 29 en el barrio Mil Viviendas -plaza Rep\u00fablica del Per\u00fa, en avenida Patagonia entre Av. La Paz y Av. Paysand\u00fa- y en el barrio Ber\u00f3n de Astrada -plazoleta Los Inmigrantes, en Ac. Correa Fern\u00e1ndez y Av. Sarmiento-.<\/p>\n\n\n\n<p>El martes 30 y mi\u00e9rcoles 31, la propuesta llegar\u00e1 a la plaza Torrent, y el jueves 1 de febrero, los puesteros se ubicar\u00e1n en plaza La Cruz, por calle Salta, en el barrio del mismo nombre. &nbsp;&nbsp;<\/p>\n\n\n\n<p>Mientras que el viernes 2 se repetir\u00e1 la propuesta, en simult\u00e1neo, en la plaza Rep\u00fablica del Per\u00fa de las Mil Viviendas y en la plazoleta Los Inmigrantes del barrio Ber\u00f3n de Astrada.&nbsp;<\/p>\n\n\n\n<p>El recorrido continuar\u00e1 el s\u00e1bado 3, de 8 a 13, por la calle Pil\u00fa G\u00f3mez y Jos\u00e9 Rol\u00f3n, en el parque Mitre. Y por la tarde, en el Paseo Arazaty, de 10 a 22. &nbsp;&nbsp;<\/p>\n\n\n\n<p>En tanto que el domingo 4 habr\u00e1 puesteros en el Paseo Arazaty que ofrecer\u00e1n de 10 a 20, plantas ornamentales, ofertas gastron\u00f3micas, artesan\u00edas y manualidades. &nbsp;&nbsp;<\/p>\n\n\n\n<h2 class=\"wp-block-heading\">CRONOGRAMA<\/h2>\n\n\n\n<ul class=\"wp-block-list\"><li>Lunes 29: plaza Rep\u00fablica del Per\u00fa (Mil Viviendas) y plazoleta Los Inmigrantes (Ber\u00f3n de Astrada)\u00a0<\/li><li>Martes 30 y Mi\u00e9rcoles 31: plaza Torrent (Centro)\u00a0<\/li><li>Jueves 1: plaza La Cruz (barrio La Cruz)\u00a0<\/li><li>Viernes 2: plaza Rep\u00fablica del Per\u00fa (Mil Viviendas), plaza Los Inmigrantes (Ber\u00f3n de Astrada)\u00a0<\/li><li>S\u00e1bado 3: parque Mitre (barrio Aldana) de 8 a 13, y Paseo Arazaty de 10 a 22\u00a0<\/li><li>Domingo 4: Paseo Arazaty, de 10 a 20<\/li><\/ul>\n\n\n\n<p><\/p>\n","protected":false},"excerpt":{"rendered":"<p>Los feriantes capitalinos volver\u00e1n a desembarcar en distintos parques, plazas y paseos. Esta propuesta es una excelente opci\u00f3n para visitar y aprovechar ofertas y productos de calidad, desde el lunes&hellip; <\/p>\n","protected":false},"author":6,"featured_media":121553,"comment_status":"closed","ping_status":"open","sticky":false,"template":"","format":"standard","meta":{"footnotes":""},"categories":[1],"tags":[],"class_list":["post-121552","post","type-post","status-publish","format-standard","has-post-thumbnail","hentry","category-informacion-general"],"_links":{"self":[{"href":"https:\/\/corrientesdetarde.com\/index.php\/wp-json\/wp\/v2\/posts\/121552","targetHints":{"allow":["GET"]}}],"collection":[{"href":"https:\/\/corrientesdetarde.com\/index.php\/wp-json\/wp\/v2\/posts"}],"about":[{"href":"https:\/\/corrientesdetarde.com\/index.php\/wp-json\/wp\/v2\/types\/post"}],"author":[{"embeddable":true,"href":"https:\/\/corrientesdetarde.com\/index.php\/wp-json\/wp\/v2\/users\/6"}],"replies":[{"embeddable":true,"href":"https:\/\/corrientesdetarde.com\/index.php\/wp-json\/wp\/v2\/comments?post=121552"}],"version-history":[{"count":1,"href":"https:\/\/corrientesdetarde.com\/index.php\/wp-json\/wp\/v2\/posts\/121552\/revisions"}],"predecessor-version":[{"id":121554,"href":"https:\/\/corrientesdetarde.com\/index.php\/wp-json\/wp\/v2\/posts\/121552\/revisions\/121554"}],"wp:featuredmedia":[{"embeddable":true,"href":"https:\/\/corrientesdetarde.com\/index.php\/wp-json\/wp\/v2\/media\/121553"}],"wp:attachment":[{"href":"https:\/\/corrientesdetarde.com\/index.php\/wp-json\/wp\/v2\/media?parent=121552"}],"wp:term":[{"taxonomy":"category","embeddable":true,"href":"https:\/\/corrientesdetarde.com\/index.php\/wp-json\/wp\/v2\/categories?post=121552"},{"taxonomy":"post_tag","embeddable":true,"href":"https:\/\/corrientesdetarde.com\/index.php\/wp-json\/wp\/v2\/tags?post=121552"}],"curies":[{"name":"wp","href":"https:\/\/api.w.org\/{rel}","templated":true}]}}