{"id":121559,"date":"2024-01-28T20:01:25","date_gmt":"2024-01-28T23:01:25","guid":{"rendered":"https:\/\/corrientesdetarde.com\/?p=121559"},"modified":"2024-01-28T20:01:37","modified_gmt":"2024-01-28T23:01:37","slug":"corrientes-prohibe-una-flor-exotica-que-pone-en-riesgo-los-humedales","status":"publish","type":"post","link":"https:\/\/corrientesdetarde.com\/index.php\/informacion-general\/corrientes-prohibe-una-flor-exotica-que-pone-en-riesgo-los-humedales\/","title":{"rendered":"Corrientes proh\u00edbe una flor ex\u00f3tica que pone en riesgo los humedales."},"content":{"rendered":"\n<h2 class=\"wp-block-heading\">La provincia de Corrientes emiti\u00f3 una disposici\u00f3n que proh\u00edbe el cultivo, el tr\u00e1nsito y la comercializaci\u00f3n del lirio amarillo, una especie usada con fines ornamentales pero invasiva y que pone en riesgo amplios ecosistemas a lo largo del pa\u00eds.<\/h2>\n\n\n\n<p>La Direcci\u00f3n de Recursos Naturales de Corrientes emiti\u00f3 una disposici\u00f3n que proh\u00edbe la introducci\u00f3n, tr\u00e1nsito, comercializaci\u00f3n y cultivo de la planta &#8220;lirio amarillo&#8221;, Iris pseudacorus L. (Iridaceae), una especie invasora estudiada a nivel nacional por investigadores del Centro de Ecolog\u00eda Aplicada del Litoral (Cecoal -UNNE-Conicet) y la Fundaci\u00f3n para el Estudio de las Especies Invasoras (FuEDEI), seg\u00fan dio a conocer la universidad.<\/p>\n\n\n\n<p>La medida fue tomada por la Disposici\u00f3n N\u00b0 1258 de Recursos Naturales, que adem\u00e1s establece otras acciones para el abordaje de esta planta ex\u00f3tica, como una alerta temprana.<\/p>\n\n\n\n<p>El lirio amarillo, utilizado con fines ornamentales en la jardiner\u00eda, es una especie ex\u00f3tica originaria de Europa, oeste de Asia y del Norte de \u00c1frica, que ingres\u00f3 a la Argentina estimativamente hace 40 a\u00f1os, seg\u00fan se desprende del informe de la UNNE.<\/p>\n\n\n\n<p>&#8220;Es una planta que tiene alta productividad y alta tasa reproductiva, por lo que a medida que sus poblaciones invaden los humedales, van desplazando a la biodiversidad nativa, especialmente la flora nativa junto con los insectos y otros invertebrados asociados&#8221;, inform\u00f3 la casa de estudios con sede en Corrientes y Chaco.<\/p>\n\n\n\n<p>Seg\u00fan explicaron, es una planta &#8220;muy dif\u00edcil de controlar una vez que invade los humedales&#8221; ya que presenta tallos subterr\u00e1neos (rizomas) que cuando se fragmentan producen m\u00e1s plantas cuyos frutos tipo c\u00e1psulas producen numerosas semillas que se dispersan f\u00e1cilmente por el agua, pues flotan y pueden recorrer largas distancias a trav\u00e9s de los cursos de agua.<\/p>\n\n\n\n<p>Esta flor fue hallada desde la Patagonia hasta el norte del pa\u00eds, en diferentes tipos de climas, tanto en humedales conectados al mar, es decir, con alta salinidad, como en ambientes asociados a agua dulce como r\u00edos, arroyos y lagunas.<\/p>\n\n\n\n<p>En ese sentido, especificaron que algunas provincias tienen sus humedales con niveles altos de invasi\u00f3n de lirio amarillo, &#8220;como ser Buenos Aires y C\u00f3rdoba, donde esta maleza ex\u00f3tica no fue detectada en su etapa temprana&#8221;.<\/p>\n\n\n\n<p>En tanto que, en los humedales de Corrientes, cuya m\u00e1xima expresi\u00f3n se encuentra en el Iber\u00e1, cuentan con la posibilidad de evitar la invasi\u00f3n a trav\u00e9s de campa\u00f1as de prevenci\u00f3n de introducciones y alerta temprana.<\/p>\n\n\n\n<p>Por parte de la UNNE, las investigadoras del Cecoal responsables del estudio sobre esta especie vegetal son la licenciada Paula Gervazoni y la doctora Celeste Franceschini, quienes subrayaron la importancia de la medida tomada por Corrientes por su car\u00e1cter preventivo y por sentar precedente para medidas similares en otras jurisdicciones, indic\u00f3 la universidad.<\/p>\n\n\n\n<p>Y al respecto, se puso de relieve la decisi\u00f3n de trabajar en un sistema de alerta temprana para detectar la eventual presencia de esta planta ex\u00f3tica, tanto en ambientes naturales o como en cultivos con el fin de evitar invasiones futuras, con sus consecuentes costos econ\u00f3micos y ambientales.<\/p>\n","protected":false},"excerpt":{"rendered":"<p>La provincia de Corrientes emiti\u00f3 una disposici\u00f3n que proh\u00edbe el cultivo, el tr\u00e1nsito y la comercializaci\u00f3n del lirio amarillo, una especie usada con fines ornamentales pero invasiva y que pone&hellip; <\/p>\n","protected":false},"author":6,"featured_media":121563,"comment_status":"closed","ping_status":"open","sticky":false,"template":"","format":"standard","meta":{"footnotes":""},"categories":[1],"tags":[],"class_list":["post-121559","post","type-post","status-publish","format-standard","has-post-thumbnail","hentry","category-informacion-general"],"_links":{"self":[{"href":"https:\/\/corrientesdetarde.com\/index.php\/wp-json\/wp\/v2\/posts\/121559","targetHints":{"allow":["GET"]}}],"collection":[{"href":"https:\/\/corrientesdetarde.com\/index.php\/wp-json\/wp\/v2\/posts"}],"about":[{"href":"https:\/\/corrientesdetarde.com\/index.php\/wp-json\/wp\/v2\/types\/post"}],"author":[{"embeddable":true,"href":"https:\/\/corrientesdetarde.com\/index.php\/wp-json\/wp\/v2\/users\/6"}],"replies":[{"embeddable":true,"href":"https:\/\/corrientesdetarde.com\/index.php\/wp-json\/wp\/v2\/comments?post=121559"}],"version-history":[{"count":1,"href":"https:\/\/corrientesdetarde.com\/index.php\/wp-json\/wp\/v2\/posts\/121559\/revisions"}],"predecessor-version":[{"id":121564,"href":"https:\/\/corrientesdetarde.com\/index.php\/wp-json\/wp\/v2\/posts\/121559\/revisions\/121564"}],"wp:featuredmedia":[{"embeddable":true,"href":"https:\/\/corrientesdetarde.com\/index.php\/wp-json\/wp\/v2\/media\/121563"}],"wp:attachment":[{"href":"https:\/\/corrientesdetarde.com\/index.php\/wp-json\/wp\/v2\/media?parent=121559"}],"wp:term":[{"taxonomy":"category","embeddable":true,"href":"https:\/\/corrientesdetarde.com\/index.php\/wp-json\/wp\/v2\/categories?post=121559"},{"taxonomy":"post_tag","embeddable":true,"href":"https:\/\/corrientesdetarde.com\/index.php\/wp-json\/wp\/v2\/tags?post=121559"}],"curies":[{"name":"wp","href":"https:\/\/api.w.org\/{rel}","templated":true}]}}