{"id":121560,"date":"2024-01-28T19:58:39","date_gmt":"2024-01-28T22:58:39","guid":{"rendered":"https:\/\/corrientesdetarde.com\/?p=121560"},"modified":"2024-01-28T19:58:51","modified_gmt":"2024-01-28T22:58:51","slug":"ituzaingo-suspenden-carnavales-tras-la-muerte-de-la-secretaria-del-intendente","status":"publish","type":"post","link":"https:\/\/corrientesdetarde.com\/index.php\/informacion-general\/ituzaingo-suspenden-carnavales-tras-la-muerte-de-la-secretaria-del-intendente\/","title":{"rendered":"Ituzaing\u00f3: suspenden carnavales tras la muerte de la secretaria del intendente."},"content":{"rendered":"\n<h2 class=\"wp-block-heading\">Tras la muerte de Agustina Mart\u00ednez, secretaria del intendente de Ituzaing\u00f3 Juan Pablo Vald\u00e9s,\u00a0en el fatal siniestro vial del \u00faltimo s\u00e1bado, Ituzaing\u00f3\u00a0tom\u00f3 la determinaci\u00f3n de suspender dos noches de carnaval.<\/h2>\n\n\n\n<p>De este modo, fueron suspendidas l<strong>as noches correspondientes al s\u00e1bado&nbsp;27 y domingo 28 de enero<\/strong>&nbsp;por la muerte de la secretaria del intendente ituzaingue\u00f1o Juan Pablo Vald\u00e9s. As\u00ed lo inform\u00f3 el municipio a trav\u00e9s de un comunicado oficial.<\/p>\n\n\n\n<p>La medida se tom\u00f3 con conformidad municipal junto a las comparsas participantes del evento carnestolendo.&nbsp;<\/p>\n\n\n\n<p>Seg\u00fan informaron, los restos de la joven ejecutiva ser\u00e1n velados desde este domingo a partir de las 00:00 horas en las salas de Previsora del Paran\u00e1 de la ciudad de Ituzaing\u00f3.<\/p>\n\n\n\n<p><\/p>\n\n\n\n<figure class=\"wp-block-image\"><a href=\"https:\/\/www.radiosudamericana.com\/notix\/multimedia\/imagenes\/fotos\/2024-01-28\/188843.jpeg\"><img decoding=\"async\" src=\"https:\/\/www.radiosudamericana.com\/notix\/multimedia\/imagenes\/fotos\/2024-01-28\/188843.jpeg_nota.jpeg\" alt=\"\"\/><\/a><\/figure>\n\n\n\n<figure class=\"wp-block-image\"><a href=\"https:\/\/www.radiosudamericana.com\/notix\/multimedia\/imagenes\/fotos\/2024-01-28\/854987.jpg\"><img decoding=\"async\" src=\"https:\/\/www.radiosudamericana.com\/notix\/multimedia\/imagenes\/fotos\/2024-01-28\/854987.jpg_nota.jpg\" alt=\"\"\/><\/a><\/figure>\n","protected":false},"excerpt":{"rendered":"<p>Tras la muerte de Agustina Mart\u00ednez, secretaria del intendente de Ituzaing\u00f3 Juan Pablo Vald\u00e9s,\u00a0en el fatal siniestro vial del \u00faltimo s\u00e1bado, Ituzaing\u00f3\u00a0tom\u00f3 la determinaci\u00f3n de suspender dos noches de carnaval.&hellip; <\/p>\n","protected":false},"author":6,"featured_media":121561,"comment_status":"closed","ping_status":"open","sticky":false,"template":"","format":"standard","meta":{"footnotes":""},"categories":[1],"tags":[],"class_list":["post-121560","post","type-post","status-publish","format-standard","has-post-thumbnail","hentry","category-informacion-general"],"_links":{"self":[{"href":"https:\/\/corrientesdetarde.com\/index.php\/wp-json\/wp\/v2\/posts\/121560","targetHints":{"allow":["GET"]}}],"collection":[{"href":"https:\/\/corrientesdetarde.com\/index.php\/wp-json\/wp\/v2\/posts"}],"about":[{"href":"https:\/\/corrientesdetarde.com\/index.php\/wp-json\/wp\/v2\/types\/post"}],"author":[{"embeddable":true,"href":"https:\/\/corrientesdetarde.com\/index.php\/wp-json\/wp\/v2\/users\/6"}],"replies":[{"embeddable":true,"href":"https:\/\/corrientesdetarde.com\/index.php\/wp-json\/wp\/v2\/comments?post=121560"}],"version-history":[{"count":1,"href":"https:\/\/corrientesdetarde.com\/index.php\/wp-json\/wp\/v2\/posts\/121560\/revisions"}],"predecessor-version":[{"id":121562,"href":"https:\/\/corrientesdetarde.com\/index.php\/wp-json\/wp\/v2\/posts\/121560\/revisions\/121562"}],"wp:featuredmedia":[{"embeddable":true,"href":"https:\/\/corrientesdetarde.com\/index.php\/wp-json\/wp\/v2\/media\/121561"}],"wp:attachment":[{"href":"https:\/\/corrientesdetarde.com\/index.php\/wp-json\/wp\/v2\/media?parent=121560"}],"wp:term":[{"taxonomy":"category","embeddable":true,"href":"https:\/\/corrientesdetarde.com\/index.php\/wp-json\/wp\/v2\/categories?post=121560"},{"taxonomy":"post_tag","embeddable":true,"href":"https:\/\/corrientesdetarde.com\/index.php\/wp-json\/wp\/v2\/tags?post=121560"}],"curies":[{"name":"wp","href":"https:\/\/api.w.org\/{rel}","templated":true}]}}