{"id":121685,"date":"2024-01-29T11:14:27","date_gmt":"2024-01-29T14:14:27","guid":{"rendered":"https:\/\/corrientesdetarde.com\/?p=121685"},"modified":"2024-01-29T11:16:04","modified_gmt":"2024-01-29T14:16:04","slug":"referentes-provinciales-del-pro-pidieron-que-macri-asuma-la-presidencia-del-partido","status":"publish","type":"post","link":"https:\/\/corrientesdetarde.com\/index.php\/politica\/referentes-provinciales-del-pro-pidieron-que-macri-asuma-la-presidencia-del-partido\/","title":{"rendered":"Referentes provinciales del PRO pidieron que Macri asuma la presidencia del partido"},"content":{"rendered":"\n<p><strong>Referentes provinciales<\/strong>\u00a0del\u00a0<strong>PRO\u00a0<\/strong>pidieron que\u00a0<strong>Mauricio Macri<\/strong>\u00a0asuma la\u00a0<strong>presidencia\u00a0<\/strong>del partido, hoy en manos de la ministra de Seguridad,\u00a0<strong>Patricia Bullrich<\/strong>.<\/p>\n\n\n\n<p>En la declaraci\u00f3n, firmada este lunes por&nbsp;<strong>20 dirigentes<\/strong>, se plantea que el expresidente \u201ces la&nbsp;<strong>persona indicada<\/strong>&nbsp;para llevar adelante un&nbsp;<strong>proceso de unidad<\/strong>\u201d en el espacio.<\/p>\n\n\n\n<p>\u201cComo presidentes provinciales del PRO, estamos convencidos de que\u00a0<strong>necesitamos fortalecer el partido<\/strong>, potenciarlo como un espacio pol\u00edtico que represente las demandas de los argentinos y sobre todo,\u00a0<strong>seguir trabajando por la unidad<\/strong>. Sabemos que la\u00a0<strong>diversidad de opiniones<\/strong>\u00a0enriquece y queremos fomentar un di\u00e1logo abierto, constructivo y federal, trabajando en la\u00a0<strong>generaci\u00f3n de consensos<\/strong>\u00a0necesarios para enfrentar los desaf\u00edos que tenemos como sociedad\u201d, comienza la misiva.<\/p>\n\n\n\n<p>Sigue: \u201cPor eso,&nbsp;<strong>consideramos que Mauricio Macri es la persona indicada<\/strong>&nbsp;para llevar adelante este proceso de unidad. Su&nbsp;<strong>experiencia, liderazgo y visi\u00f3n<\/strong>&nbsp;son fundamentales para fortalecer el espacio y que el PRO siga siendo un actor protag\u00f3nico en la escena pol\u00edtica de nuestro pa\u00eds\u201d.<\/p>\n\n\n\n<figure class=\"wp-block-image\"><img decoding=\"async\" src=\"https:\/\/tn.com.ar\/resizer\/oWTlunoUw1PV_VokckE5cG5bOZo=\/767x0\/smart\/filters:format(webp)\/cloudfront-us-east-1.images.arcpublishing.com\/artear\/F5YICB6J2NAY5LHEE2XFH2PLZU.jpg\" alt=\"La carta de los referentes provinciales del PRO.\"\/><figcaption>La carta de los referentes provinciales del PRO.<\/figcaption><\/figure>\n\n\n\n<p>\u201cEn el marco de la renovaci\u00f3n de autoridades, ponderamos al&nbsp;<strong>federalismo&nbsp;<\/strong>como parte esencial de este proceso y consideramos&nbsp;<strong>clave&nbsp;<\/strong>la presencia de los&nbsp;<strong>l\u00edderes del interior<\/strong>&nbsp;en el&nbsp;<strong>Consejo Nacional<\/strong>, acompa\u00f1ando a la presidencia en la conducci\u00f3n y d\u00e1ndole vida a las secretar\u00edas desde los territorios que representamos. Creemos en la fuerza del di\u00e1logo como herramienta, del trabajo en equipo como pilar, y sobre todo en el respeto por la Rep\u00fablica y las instituciones como valores fundamentales que identifican al PRO desde sus inicios\u201d, suma el texto.<\/p>\n\n\n\n<p>Y cierra: \u201cSigamos adelante&nbsp;<strong>trabajando juntos<\/strong>&nbsp;para construir un futuro mejor para la Argentina\u201d.<\/p>\n\n\n\n<p>La carta fue firmada por los presidentes\u00a0<strong>Carlos Molina<\/strong>\u00a0(Catamarca),\u00a0<strong>Ernesto Blasco<\/strong>\u00a0(Chaco),\u00a0<strong>Oscar Agost Carre\u00f1o<\/strong>\u00a0(C\u00f3rdoba),\u00a0<strong>Dami\u00e1n Garavano<\/strong>\u00a0(Corrientes),\u00a0<strong>Eduardo Caminal<\/strong>\u00a0(Entre R\u00edos),\u00a0<strong>Enrique Ram\u00edrez<\/strong>\u00a0(Formosa),\u00a0<strong>Luciano Angelini<\/strong>\u00a0(Jujuy),\u00a0<strong>Enrique Juan<\/strong>\u00a0(La Pampa),\u00a0<strong>Julio Sahad\u00a0<\/strong>(La Rioja),\u00a0<strong>Horacio Loreiro<\/strong>\u00a0(Misiones),\u00a0<strong>Marcelo Berm\u00fadez<\/strong>\u00a0(Neuqu\u00e9n),\u00a0<strong>An\u00edbal Tortoriello<\/strong>\u00a0(R\u00edo Negro),\u00a0<strong>Enzo Cornejo<\/strong>\u00a0(San Juan),\u00a0<strong>Gabriela Gonz\u00e1lez Riollo<\/strong>\u00a0(San Luis),\u00a0<strong>Cristian Cunha<\/strong>\u00a0(Santa Fe),\u00a0<strong>Gabriel Santill\u00e1n<\/strong>\u00a0(Santiago del Estero), y los dirigentes\u00a0<strong>\u00c1lvaro Mart\u00ednez<\/strong>\u00a0(Mendoza),\u00a0<strong>In\u00e9s Liendo<\/strong>\u00a0(Salta),\u00a0<strong>H\u00e9ctor \u201cTito\u201d Stefani<\/strong>\u00a0(Tierra del Fuego), y\u00a0<strong>Mariano Malmierca<\/strong>\u00a0(Tucum\u00e1n).<\/p>\n\n\n\n<p>Los&nbsp;<strong>\u00fanicos territorios sin representaci\u00f3n<\/strong>&nbsp;en la declaraci\u00f3n son la&nbsp;<strong>Ciudad de Buenos Aires<\/strong>, la&nbsp;<strong>Provincia de Buenos Aires<\/strong>,&nbsp;<strong>Chubut&nbsp;<\/strong>y&nbsp;<strong>Santa Cruz<\/strong>.<\/p>\n\n\n\n<p>La posibilidad deque Macri lidere formalmente el PRO tom\u00f3 fuerza despu\u00e9s de que\u00a0<strong>Bullrich decidiera abrirse<\/strong>\u00a0de la conducci\u00f3n del partido para\u00a0<strong>asumir en el ministerio de Seguridad<\/strong>\u00a0dentro del Gabinete de\u00a0<strong>Javier Milei<\/strong>.<\/p>\n\n\n\n<p>Adem\u00e1s del de los l\u00edderes provinciales, existe&nbsp;<strong>otro sector<\/strong>&nbsp;dentro del PRO -en el que se encuentran los&nbsp;<strong>gobernadores&nbsp;<\/strong>y otros referentes- que impulsa&nbsp;una mirada&nbsp;<strong>\u201cm\u00e1s federal\u201d&nbsp;<\/strong>y de<strong>&nbsp;\u201crenovaci\u00f3n\u201d&nbsp;<\/strong>como&nbsp;<strong>Ignacio Torres<\/strong>, el gobernador actual de Chubut. El cierre de listas est\u00e1 previsto para el&nbsp;<strong>19 de marzo<\/strong>.<\/p>\n","protected":false},"excerpt":{"rendered":"<p>Referentes provinciales\u00a0del\u00a0PRO\u00a0pidieron que\u00a0Mauricio Macri\u00a0asuma la\u00a0presidencia\u00a0del partido, hoy en manos de la ministra de Seguridad,\u00a0Patricia Bullrich. En la declaraci\u00f3n, firmada este lunes por&nbsp;20 dirigentes, se plantea que el expresidente \u201ces la&nbsp;persona&hellip; <\/p>\n","protected":false},"author":12,"featured_media":121689,"comment_status":"closed","ping_status":"open","sticky":false,"template":"","format":"standard","meta":{"footnotes":""},"categories":[3],"tags":[],"class_list":["post-121685","post","type-post","status-publish","format-standard","has-post-thumbnail","hentry","category-politica"],"_links":{"self":[{"href":"https:\/\/corrientesdetarde.com\/index.php\/wp-json\/wp\/v2\/posts\/121685","targetHints":{"allow":["GET"]}}],"collection":[{"href":"https:\/\/corrientesdetarde.com\/index.php\/wp-json\/wp\/v2\/posts"}],"about":[{"href":"https:\/\/corrientesdetarde.com\/index.php\/wp-json\/wp\/v2\/types\/post"}],"author":[{"embeddable":true,"href":"https:\/\/corrientesdetarde.com\/index.php\/wp-json\/wp\/v2\/users\/12"}],"replies":[{"embeddable":true,"href":"https:\/\/corrientesdetarde.com\/index.php\/wp-json\/wp\/v2\/comments?post=121685"}],"version-history":[{"count":2,"href":"https:\/\/corrientesdetarde.com\/index.php\/wp-json\/wp\/v2\/posts\/121685\/revisions"}],"predecessor-version":[{"id":121695,"href":"https:\/\/corrientesdetarde.com\/index.php\/wp-json\/wp\/v2\/posts\/121685\/revisions\/121695"}],"wp:featuredmedia":[{"embeddable":true,"href":"https:\/\/corrientesdetarde.com\/index.php\/wp-json\/wp\/v2\/media\/121689"}],"wp:attachment":[{"href":"https:\/\/corrientesdetarde.com\/index.php\/wp-json\/wp\/v2\/media?parent=121685"}],"wp:term":[{"taxonomy":"category","embeddable":true,"href":"https:\/\/corrientesdetarde.com\/index.php\/wp-json\/wp\/v2\/categories?post=121685"},{"taxonomy":"post_tag","embeddable":true,"href":"https:\/\/corrientesdetarde.com\/index.php\/wp-json\/wp\/v2\/tags?post=121685"}],"curies":[{"name":"wp","href":"https:\/\/api.w.org\/{rel}","templated":true}]}}