{"id":121698,"date":"2024-01-29T11:24:24","date_gmt":"2024-01-29T14:24:24","guid":{"rendered":"https:\/\/corrientesdetarde.com\/?p=121698"},"modified":"2024-01-29T11:24:36","modified_gmt":"2024-01-29T14:24:36","slug":"el-comite-strassera-llama-a-no-ser-dialoguistas-con-el-intolerable","status":"publish","type":"post","link":"https:\/\/corrientesdetarde.com\/index.php\/politica\/el-comite-strassera-llama-a-no-ser-dialoguistas-con-el-intolerable\/","title":{"rendered":"EL COMIT\u00c9 STRASSERA LLAMA A NO SER DIALOGUISTAS CON EL INTOLERABLE"},"content":{"rendered":"\n<p>El Comit\u00e9 Julio C\u00e9sar Strassera invit\u00f3 a los diputados y senadores de la UCR a revisar los pasos en el pr\u00f3ximo debate parlamentario sobre la denominada Ley \u00d3mnibus impulsada por el presidente Javier Milei y el oficialismo.<\/p>\n\n\n\n<p>En un texto difundido a trav\u00e9s de su cuenta de Instagram, el comit\u00e9 se\u00f1al\u00f3 que \u201cno podemos ceder. No podemos ser dialoguistas con el intolerable\u201d y pidi\u00f3 \u201cno desdibujar una discusi\u00f3n profunda sobre el rol del Estado por el eslogan vac\u00edo de la gobernabilidad\u201d y remarc\u00f3 que \u201cquien gobierna tiene ese rol y esa responsabilidad. La oposici\u00f3n solo se\u00f1ala y frena donde cree que es imposible sucumbir a imposiciones que beneficien a los poderes concentrados y perjudiquen a los m\u00e1s vulnerables\u201d.<\/p>\n\n\n\n<p>En ese marco el comit\u00e9 radical sostuvo que \u201ces incre\u00edble avizorar un m\u00ednimo resquicio para la delegaci\u00f3n legislativa por un a\u00f1o para el Ejecutivo Nacional para dar v\u00eda libre a una brutal liberalizaci\u00f3n de la econom\u00eda privando al Estado de herramientas para una pol\u00edtica econ\u00f3mica redistributiva\u201d.<\/p>\n\n\n\n<p>\u201cNo es un programa de liberalizaci\u00f3n de la econom\u00eda. Es un plan social que atenta contra nuestra cohesi\u00f3n social y nuestra vocaci\u00f3n de justicia. No es lo mismo econom\u00eda de mercado que sociedad de mercado\u201d se indica en el texto. Al respecto les se\u00f1ala a los dirigentes y militantes del partido que se puede tener un modelo propio.<\/p>\n\n\n\n<p>El texto interroga a los correligionarios sobre las capacidades de los gobiernos \u201cno populares\u201d para gobernar \u201ccomo los mejores t\u00e9cnicos y que representan la civilizaci\u00f3n de la capitalismo de mercado\u201d. \u201c\u00bfEra posible que el gobierno de Alfons\u00edn no tuviera a capacidad suficiente para afianzar la Rep\u00fablica Democr\u00e1tica?\u201d se pregunta y expresa que \u201cla historia ha demostrado que no y como j\u00f3venes radicales tenemos que hacernos estas preguntas. Nuestra fuerza ocupa un lugar preponderante en la izquierda democr\u00e1tica. Los posicionamiento claros sirven para mejorar y ser m\u00e1s exigentes con nuestras propias reflexiones y exigencias\u201d.<\/p>\n\n\n\n<p>Finalmente rememora a uno de los pr\u00f3ceres partidarios que dijo que \u201ces dif\u00edcil ser radical, pero vale la pena serlo\u201d y exhorta a los militantes a volver a ser la Naci\u00f3n y la Constituci\u00f3n el programa del partido<\/p>\n","protected":false},"excerpt":{"rendered":"<p>El Comit\u00e9 Julio C\u00e9sar Strassera invit\u00f3 a los diputados y senadores de la UCR a revisar los pasos en el pr\u00f3ximo debate parlamentario sobre la denominada Ley \u00d3mnibus impulsada por&hellip; <\/p>\n","protected":false},"author":11,"featured_media":121700,"comment_status":"closed","ping_status":"open","sticky":false,"template":"","format":"standard","meta":{"footnotes":""},"categories":[3],"tags":[1525],"class_list":["post-121698","post","type-post","status-publish","format-standard","has-post-thumbnail","hentry","category-politica","tag-strassera"],"_links":{"self":[{"href":"https:\/\/corrientesdetarde.com\/index.php\/wp-json\/wp\/v2\/posts\/121698","targetHints":{"allow":["GET"]}}],"collection":[{"href":"https:\/\/corrientesdetarde.com\/index.php\/wp-json\/wp\/v2\/posts"}],"about":[{"href":"https:\/\/corrientesdetarde.com\/index.php\/wp-json\/wp\/v2\/types\/post"}],"author":[{"embeddable":true,"href":"https:\/\/corrientesdetarde.com\/index.php\/wp-json\/wp\/v2\/users\/11"}],"replies":[{"embeddable":true,"href":"https:\/\/corrientesdetarde.com\/index.php\/wp-json\/wp\/v2\/comments?post=121698"}],"version-history":[{"count":1,"href":"https:\/\/corrientesdetarde.com\/index.php\/wp-json\/wp\/v2\/posts\/121698\/revisions"}],"predecessor-version":[{"id":121701,"href":"https:\/\/corrientesdetarde.com\/index.php\/wp-json\/wp\/v2\/posts\/121698\/revisions\/121701"}],"wp:featuredmedia":[{"embeddable":true,"href":"https:\/\/corrientesdetarde.com\/index.php\/wp-json\/wp\/v2\/media\/121700"}],"wp:attachment":[{"href":"https:\/\/corrientesdetarde.com\/index.php\/wp-json\/wp\/v2\/media?parent=121698"}],"wp:term":[{"taxonomy":"category","embeddable":true,"href":"https:\/\/corrientesdetarde.com\/index.php\/wp-json\/wp\/v2\/categories?post=121698"},{"taxonomy":"post_tag","embeddable":true,"href":"https:\/\/corrientesdetarde.com\/index.php\/wp-json\/wp\/v2\/tags?post=121698"}],"curies":[{"name":"wp","href":"https:\/\/api.w.org\/{rel}","templated":true}]}}