{"id":121736,"date":"2024-01-29T14:36:02","date_gmt":"2024-01-29T17:36:02","guid":{"rendered":"https:\/\/corrientesdetarde.com\/?p=121736"},"modified":"2024-01-29T14:36:14","modified_gmt":"2024-01-29T17:36:14","slug":"nacieron-aime-y-laia-las-gemelas-de-daniela-celis-y-thiago-medina","status":"publish","type":"post","link":"https:\/\/corrientesdetarde.com\/index.php\/espectaculos\/nacieron-aime-y-laia-las-gemelas-de-daniela-celis-y-thiago-medina\/","title":{"rendered":"Nacieron Aim\u00e9 y Laia, las gemelas de Daniela Celis y Thiago Medina"},"content":{"rendered":"\n<p>La mam\u00e1 de la medi\u00e1tica confirm\u00f3 que las nenas no van a quedar internadas en neonatolog\u00eda.<\/p>\n\n\n\n<p>Daniela Celis y Thiago Medina est\u00e1n felices. A las 10.43 de este lunes nacieron las gemelas\u00a0<strong>Aim\u00e9\u00a0<\/strong>y\u00a0<strong>Laia<\/strong>, confirm\u00f3 la madre de la medi\u00e1tica: pesaron alrededor de\u00a0<strong>dos kilos y media cada una.<\/strong><\/p>\n\n\n\n<p>De acuerdo con lo que dijo la madre de la medi\u00e1tica en\u00a0<em>A la Barbarossa\u00a0<\/em>(<em>Telefe<\/em>), las nenas tiene el peso justo\u00a0<strong>para no quedar internadas en neonatolog\u00eda\u00a0<\/strong>como pod\u00eda haber pasado debido al embarazo gemelar de Daniela.<\/p>\n\n\n\n<p>\u201cSon dos gordas hermosas. Ya estoy instalada en la casa de ella para ayudarla.&nbsp;<strong>Dani no quer\u00eda que fueran a neo.<\/strong>&nbsp;Ella com\u00eda por los cuatro costados para que no fueran a neo\u201d, coment\u00f3 Silvia, la mam\u00e1 de la influencer. Luego, agreg\u00f3: \u201cSe parecen a Thiaguito\u201d.<\/p>\n\n\n\n<figure class=\"wp-block-image\"><img decoding=\"async\" src=\"https:\/\/tn.com.ar\/resizer\/0Ws-KNcpO-vcKLwDrBNXcvlax9g=\/767x0\/smart\/filters:format(webp)\/thumbs.vodgc.net\/1-398-1kWjZP1706539037120-1706540736.jpg\" alt=\"Video Placeholder\"\/><\/figure>\n\n\n\n<h2 class=\"wp-block-heading\">C\u00f3mo llegaron Daniela Celis y Thiago Medina al hospital donde nacieron sus gemelas<\/h2>\n\n\n\n<p>Fiel a su estilo de mostrar todo lo que hacen,&nbsp;<strong>Daniela Celis&nbsp;<\/strong>y&nbsp;<strong>Thiago Medina&nbsp;<\/strong>compartieron varios momentos durante la ma\u00f1ana, en la previa de la llegada al mundo de sus hijas Aim\u00e9 y Laia.<\/p>\n\n\n\n<p>Los exparticipantes de<em>&nbsp;Gran Hermano<\/em>&nbsp;mostraron su emoci\u00f3n por el nacimiento de sus hijas, subieron&nbsp;<strong>un video de su llegada al Hospital Austral de Pilar, y se sacaron fotos dentro de la cl\u00ednica<\/strong>.<\/p>\n\n\n\n<figure class=\"wp-block-image\"><img decoding=\"async\" src=\"https:\/\/tn.com.ar\/resizer\/LHsos53BxJi8-pVpXkChkzc0Ers=\/767x0\/smart\/filters:format(webp)\/cloudfront-us-east-1.images.arcpublishing.com\/artear\/QQKZZ75ZJRGTZKKQKQ66JPWBUY.jpg\" alt=\"Daniela Celis y Thiago Medina en el ascensor del hospital. (Foto: Instagram\/danielacelis01)\"\/><\/figure>\n\n\n\n<p>En la cuenta de Instagram que crearon para sus hijas, los flamantes pap\u00e1s compartieron un&nbsp;<strong>importante mensaje, en la previa a la ces\u00e1rea programada que ten\u00edan<\/strong>. \u201cEn cualquier momento del d\u00eda que veas esto y quieras aportar siendo parte de nuestro nacimiento,<strong>&nbsp;prendan una vela<\/strong>\u201d, dec\u00eda la historia que hab\u00edan subido.<\/p>\n\n\n\n<p>\u201cEnviando mucho amor, luz y salud para que todo salga b\u00e1rbaro,&nbsp;<strong>as\u00ed tenemos el alta los 4 el mi\u00e9rcoles<\/strong>. Gracias por acompa\u00f1arnos, los amamos\u201d, expresa tambi\u00e9n el posteo de los chicos.<\/p>\n\n\n\n<p>La influencer hab\u00eda contado meses atr\u00e1s que su m\u00e9dico les hab\u00eda agendado una ces\u00e1rea programada para<strong>&nbsp;este lunes 29 de enero por la ma\u00f1ana y todo sali\u00f3 seg\u00fan lo planificado<\/strong>.<\/p>\n\n\n\n<p>En la previa al nacimiento de las beb\u00e9s, Daniela hab\u00eda dado una entrevista a la revista Gente en la que hab\u00eda anticipado c\u00f3mo iban a hacer para criar a sus gemelas junto a Thiago, su pareja.<\/p>\n\n\n\n<figure class=\"wp-block-image\"><img decoding=\"async\" src=\"https:\/\/tn.com.ar\/resizer\/VfK8AYNSGzff28ty2lbZZ-gbYWU=\/767x0\/smart\/filters:format(webp)\/cloudfront-us-east-1.images.arcpublishing.com\/artear\/L53DM7E5PJHONKWZPCX6NAISFM.jpg\" alt=\"Daniela Celis y Thiago Medina, durante el embarazo de la medi\u00e1tica. (Foto: Instagram\/danielacelis.thiagomedina.fc)\"\/><\/figure>\n\n\n\n<p>\u201c<strong>Vamos a asegurarnos que est\u00e9n bien ellas<\/strong>, de que lleguemos a casa, de que nos acomodemos y ah\u00ed obviamente la vamos a mostrar al p\u00fablico, porque tambi\u00e9n fueron parte de todo esto, pero no creo que sea el primer d\u00eda\u201d, cont\u00f3.<\/p>\n\n\n\n<p>\u201cPesta\u00f1ela\u201d consider\u00f3 que, durante todo este tiempo de embarazo, estuvo ocupada instruy\u00e9ndose sobre lo que significa ser mam\u00e1, para estar bien preparada. \u201c<strong>Leemos un mont\u00f3n, vemos un mont\u00f3n de videos, buscamos la mejor crianza para las bebas<\/strong>. Hablamos un mont\u00f3n sobre nuestra relaci\u00f3n, v\u00ednculo como padres y espero que funcione. Hago muchas fuerzas para que ese equipo, bueno, sea de por vida, por supuesto. Es lo que queremos y estamos muy felices con vivir esta hermosa etapa juntos\u201d, cerr\u00f3 emocionada.<\/p>\n","protected":false},"excerpt":{"rendered":"<p>La mam\u00e1 de la medi\u00e1tica confirm\u00f3 que las nenas no van a quedar internadas en neonatolog\u00eda. Daniela Celis y Thiago Medina est\u00e1n felices. A las 10.43 de este lunes nacieron&hellip; <\/p>\n","protected":false},"author":8,"featured_media":121737,"comment_status":"closed","ping_status":"open","sticky":false,"template":"","format":"standard","meta":{"footnotes":""},"categories":[19],"tags":[],"class_list":["post-121736","post","type-post","status-publish","format-standard","has-post-thumbnail","hentry","category-espectaculos"],"_links":{"self":[{"href":"https:\/\/corrientesdetarde.com\/index.php\/wp-json\/wp\/v2\/posts\/121736","targetHints":{"allow":["GET"]}}],"collection":[{"href":"https:\/\/corrientesdetarde.com\/index.php\/wp-json\/wp\/v2\/posts"}],"about":[{"href":"https:\/\/corrientesdetarde.com\/index.php\/wp-json\/wp\/v2\/types\/post"}],"author":[{"embeddable":true,"href":"https:\/\/corrientesdetarde.com\/index.php\/wp-json\/wp\/v2\/users\/8"}],"replies":[{"embeddable":true,"href":"https:\/\/corrientesdetarde.com\/index.php\/wp-json\/wp\/v2\/comments?post=121736"}],"version-history":[{"count":1,"href":"https:\/\/corrientesdetarde.com\/index.php\/wp-json\/wp\/v2\/posts\/121736\/revisions"}],"predecessor-version":[{"id":121738,"href":"https:\/\/corrientesdetarde.com\/index.php\/wp-json\/wp\/v2\/posts\/121736\/revisions\/121738"}],"wp:featuredmedia":[{"embeddable":true,"href":"https:\/\/corrientesdetarde.com\/index.php\/wp-json\/wp\/v2\/media\/121737"}],"wp:attachment":[{"href":"https:\/\/corrientesdetarde.com\/index.php\/wp-json\/wp\/v2\/media?parent=121736"}],"wp:term":[{"taxonomy":"category","embeddable":true,"href":"https:\/\/corrientesdetarde.com\/index.php\/wp-json\/wp\/v2\/categories?post=121736"},{"taxonomy":"post_tag","embeddable":true,"href":"https:\/\/corrientesdetarde.com\/index.php\/wp-json\/wp\/v2\/tags?post=121736"}],"curies":[{"name":"wp","href":"https:\/\/api.w.org\/{rel}","templated":true}]}}