{"id":121958,"date":"2024-01-30T11:40:04","date_gmt":"2024-01-30T14:40:04","guid":{"rendered":"https:\/\/corrientesdetarde.com\/?p=121958"},"modified":"2024-01-30T11:40:17","modified_gmt":"2024-01-30T14:40:17","slug":"la-reaccion-de-yanina-latorre-al-descubrir-las-cenas-para-solteros-que-marisa-brel-organizaria-en-nordelta","status":"publish","type":"post","link":"https:\/\/corrientesdetarde.com\/index.php\/espectaculos\/la-reaccion-de-yanina-latorre-al-descubrir-las-cenas-para-solteros-que-marisa-brel-organizaria-en-nordelta\/","title":{"rendered":"La reacci\u00f3n de Yanina Latorre al descubrir las cenas para solteros que Marisa Brel organizar\u00eda en Nordelta"},"content":{"rendered":"\n<p><strong>Yanina Latorre<\/strong>\u00a0no tuvo piedad y mand\u00f3 al frente a<strong>\u00a0Marisa Brel<\/strong>luego de que se corra el rumor de que organiza fiestas en Nordelta para conocer a los solteros m\u00e1s codiciados de la zona. La panelista se enter\u00f3 de los detalles de los encuentros y le pregunt\u00f3 directamente a la periodista si la informaci\u00f3n era real.<\/p>\n\n\n\n<p>Hace unos d\u00edas, una vecina del exclusivo barrio de Zona Norte revel\u00f3 en Twitter la iniciativa que tuvo Brel para conectar con posibles pretendientes.\u00a0<strong>\u201cArm\u00f3 un chat para una comida de \u2018solos y solas\u2019\u201d<\/strong>, comenz\u00f3, ocultando el nombre completo de la periodista para evitar problemas.<\/p>\n\n\n\n<p>Una de las cosas m\u00e1s controversiales fue el valor del cubierto que los invitados est\u00e1n obligados a pagar para asistir, actualmente&nbsp;<strong>25.000 pesos<\/strong>. A los miembros del grupo les pareci\u00f3 excesivo, por lo que Marisa Brel tuvo que excusarse. \u201cLa gente se quej\u00f3 del precio y respondi\u00f3<strong>&nbsp;\u2018es que si lo hacemos accesible viene gente de afuera pensando que va a enganchar un millonario o millonaria\u2019<\/strong>\u201d, cont\u00f3 la usuaria.<\/p>\n\n\n\n<figure class=\"wp-block-image\"><img decoding=\"async\" src=\"https:\/\/tn.com.ar\/resizer\/hQLW6mQiKo9OhkghOnS7cNuHYbw=\/767x0\/smart\/filters:format(webp)\/cloudfront-us-east-1.images.arcpublishing.com\/artear\/ALXLR3BN7RBTJBTKVRGT4ALRYU.PNG\" alt=\"Una vecina de Nordelta cont\u00f3 los detalles del encuentro que organiza Marisa Brel para los solteros de la zona. (Captura: Twitter)\"\/><figcaption>Una vecina de Nordelta cont\u00f3 los detalles del encuentro que organiza Marisa Brel para los solteros de la zona. (Captura: Twitter)<\/figcaption><\/figure>\n\n\n\n<p>La propuesta tuvo varias repercusiones en las redes sociales, entre ellas, la de Yanina Latorre, quien no dud\u00f3 en re\u00edrse del emprendimiento y pedirle a la periodista que rompa el silencio.<strong>&nbsp;\u201cJajaja, Marisa Brel, \u00bfesto es verdad?\u201d<\/strong>, pregunt\u00f3, mencionando su cuenta personal de Twitter para obtener una respuesta.<\/p>\n\n\n\n<p><\/p>\n\n\n\n<p>Adem\u00e1s de la reacci\u00f3n de la panelista, muchos usuarios se burlaron de la cena que, seg\u00fan estar\u00eda previsto, tendr\u00e1 lugar durante la primera semana de febrero. \u201c\u00a1Perd\u00f3n! \u00a125 mil el cubierto est\u00e1 muy bien!<strong>&nbsp;Descart\u00e1 a los que se quejaron porque por m\u00e1s plata que tengas sos una rata<\/strong>\u201d, opin\u00f3 una seguidora. Muchos seguidores coincidieron y consideraron que el precio del cubierto no lograr\u00eda alejar a solteros con menor poder adquisitivo, como era la idea en un principio. \u201cCualquier cuatro de copas puede pagar 25 lucas una cena.&nbsp;<strong>Si quer\u00e9s filtrar clases medias altas para arriba, el cubierto tiene que ser de 75 lucas<\/strong>\u201d, coment\u00f3 otra persona.<\/p>\n\n\n\n<figure class=\"wp-block-image\"><img decoding=\"async\" src=\"https:\/\/tn.com.ar\/resizer\/TiOwZ1fjait5qiiHxzo-O_k1ApY=\/767x0\/smart\/filters:format(webp)\/cloudfront-us-east-1.images.arcpublishing.com\/artear\/2PVGUQIY3ZFJ5ARUTH4HBFBH74.PNG\" alt=\"La reacci\u00f3n de Yanina Latorre a los encuentros que est\u00e1 organizando Marisa Brel. (Captura: Twitter)\"\/><figcaption>La reacci\u00f3n de Yanina Latorre a los encuentros que est\u00e1 organizando Marisa Brel. (Captura: Twitter)<\/figcaption><\/figure>\n\n\n\n<h2 class=\"wp-block-heading\">La emoci\u00f3n de Marisa Brel por un mensaje de su hija Paloma, quien se cur\u00f3 de un c\u00e1ncer cerebral<\/h2>\n\n\n\n<p><strong>Marisa Brel<\/strong>\u00a0se emocion\u00f3 al recibir un saludo de\u00a0su hija\u00a0<strong>Paloma<\/strong>, quien hace cinco a\u00f1os se recuper\u00f3 de un tumor cerebral.\u00a0<strong>\u201cTenemos mucha suerte de tenerte como mam\u00e1\u201d<\/strong>, expres\u00f3 la joven de 21 a\u00f1os.<\/p>\n\n\n\n<p>Invitada a&nbsp;<em>Entre nos<\/em>&nbsp;(<em>Net TV<\/em>), el ciclo conducido por Tom\u00e1s Dente, la periodista repas\u00f3 su trayectoria y vida personal. All\u00ed habl\u00f3 de su lucha por ser mam\u00e1 y de su relaci\u00f3n con Paloma y Timoteo. Sin embargo, uno de los momentos m\u00e1s emotivos fue cuando la sorprendieron con un mensaje de su hija.<\/p>\n\n\n\n<p><\/p>\n\n\n\n<figure class=\"wp-block-image\"><img decoding=\"async\" src=\"https:\/\/tn.com.ar\/resizer\/W2lKsQ3zbhM7O_u2aazi-GAcxEU=\/767x0\/smart\/filters:format(webp)\/thumbs.vodgc.net\/1-14-FCb9IM1701028633859-1701029816.jpg\" alt=\"Video Placeholder\"\/><\/figure>\n\n\n\n<p>Durante una entrevista, la periodista se emocion\u00f3 hasta las l\u00e1grimas al hablar del momento m\u00e1s dif\u00edcil de su vida.<\/p>\n\n\n\n<p>\u201cSab\u00e9s que no soy la mejor para decir cosas lindas, pero feliz cumplea\u00f1os de madre, porque hoy hace exactamente 21 a\u00f1os estaba por pasar lo mejor de tu vida, o sea yo\u201d, lanz\u00f3 con una sonrisa. Y continu\u00f3: \u201cGracias por todo, por ser un ejemplo como mam\u00e1, por todo lo que nos das, el amor, el cari\u00f1o, las sorpresas y por siempre estar. Te quiero mucho\u201d.<\/p>\n\n\n\n<p>\u201cTimo no te lo dijo porque le da verg\u00fcenza, pero \u00e9l tambi\u00e9n est\u00e1 superagradecido por todo. Tenemos mucha suerte de tenerte como mam\u00e1\u201d, concluy\u00f3.<\/p>\n\n\n\n<p>Al escucharla hablar, Brel no pudo evitar quebrarse y no escatim\u00f3 en halagos para Paloma.&nbsp;<strong>\u201cEs de buena madera. Amiguera, leal, trabajadora, hermosa, es muy rebelde tambi\u00e9n\u201d<\/strong>, destac\u00f3.<\/p>\n","protected":false},"excerpt":{"rendered":"<p>Yanina Latorre\u00a0no tuvo piedad y mand\u00f3 al frente a\u00a0Marisa Brelluego de que se corra el rumor de que organiza fiestas en Nordelta para conocer a los solteros m\u00e1s codiciados de&hellip; <\/p>\n","protected":false},"author":12,"featured_media":121959,"comment_status":"closed","ping_status":"open","sticky":false,"template":"","format":"standard","meta":{"footnotes":""},"categories":[19],"tags":[],"class_list":["post-121958","post","type-post","status-publish","format-standard","has-post-thumbnail","hentry","category-espectaculos"],"_links":{"self":[{"href":"https:\/\/corrientesdetarde.com\/index.php\/wp-json\/wp\/v2\/posts\/121958","targetHints":{"allow":["GET"]}}],"collection":[{"href":"https:\/\/corrientesdetarde.com\/index.php\/wp-json\/wp\/v2\/posts"}],"about":[{"href":"https:\/\/corrientesdetarde.com\/index.php\/wp-json\/wp\/v2\/types\/post"}],"author":[{"embeddable":true,"href":"https:\/\/corrientesdetarde.com\/index.php\/wp-json\/wp\/v2\/users\/12"}],"replies":[{"embeddable":true,"href":"https:\/\/corrientesdetarde.com\/index.php\/wp-json\/wp\/v2\/comments?post=121958"}],"version-history":[{"count":1,"href":"https:\/\/corrientesdetarde.com\/index.php\/wp-json\/wp\/v2\/posts\/121958\/revisions"}],"predecessor-version":[{"id":121960,"href":"https:\/\/corrientesdetarde.com\/index.php\/wp-json\/wp\/v2\/posts\/121958\/revisions\/121960"}],"wp:featuredmedia":[{"embeddable":true,"href":"https:\/\/corrientesdetarde.com\/index.php\/wp-json\/wp\/v2\/media\/121959"}],"wp:attachment":[{"href":"https:\/\/corrientesdetarde.com\/index.php\/wp-json\/wp\/v2\/media?parent=121958"}],"wp:term":[{"taxonomy":"category","embeddable":true,"href":"https:\/\/corrientesdetarde.com\/index.php\/wp-json\/wp\/v2\/categories?post=121958"},{"taxonomy":"post_tag","embeddable":true,"href":"https:\/\/corrientesdetarde.com\/index.php\/wp-json\/wp\/v2\/tags?post=121958"}],"curies":[{"name":"wp","href":"https:\/\/api.w.org\/{rel}","templated":true}]}}