{"id":121984,"date":"2024-01-30T12:35:48","date_gmt":"2024-01-30T15:35:48","guid":{"rendered":"https:\/\/corrientesdetarde.com\/?p=121984"},"modified":"2024-01-30T12:36:00","modified_gmt":"2024-01-30T15:36:00","slug":"feriados-en-febrero-2024-cuantos-hay-y-en-que-dias-cae-el-fin-de-semana-largo","status":"publish","type":"post","link":"https:\/\/corrientesdetarde.com\/index.php\/informacion-general\/feriados-en-febrero-2024-cuantos-hay-y-en-que-dias-cae-el-fin-de-semana-largo\/","title":{"rendered":"Feriados en febrero 2024: cu\u00e1ntos hay y en qu\u00e9 d\u00edas cae el fin de semana largo"},"content":{"rendered":"\n<p>Este 2024,&nbsp;<strong>febrero&nbsp;<\/strong>contar\u00e1 con&nbsp;<strong>dos<\/strong>&nbsp;<strong>feriados consecutivos&nbsp;<\/strong>que forman un fin de semana largo de cuatro d\u00edas.<\/p>\n\n\n\n<p>Los d\u00edas festivos tendr\u00e1n lugar el&nbsp;<strong>lunes 12<\/strong>&nbsp;y el&nbsp;<strong>martes 13<\/strong>, por&nbsp;<strong>Carnaval<\/strong>. De esta manera, teniendo en cuenta que 10 y 11 caen s\u00e1bado y domingo, respectivamente, se extender\u00e1 el descanso habitual del fin de semana.<\/p>\n\n\n\n<h2 class=\"wp-block-heading\">Pr\u00f3ximos feriados inamovibles de 2024<\/h2>\n\n\n\n<ul class=\"wp-block-list\"><li><strong>12 y 13 de febrero<\/strong>: Carnaval<\/li><li><strong>24 de marzo<\/strong>: D\u00eda Nacional de la Memoria por la Verdad y la Justicia<\/li><li><strong>29 de marzo<\/strong>: Viernes Santo<\/li><li><strong>1 de abril<\/strong>: Feriado con fines tur\u00edsticos<\/li><li><strong>2 de abril<\/strong>: D\u00eda del Veterano y de los Ca\u00eddos en la Guerra de Malvinas<\/li><li><strong>1 de mayo<\/strong>: D\u00eda del Trabajador<\/li><li><strong>25 de mayo<\/strong>: D\u00eda de la Revoluci\u00f3n de Mayo<\/li><li><strong>20 de junio<\/strong>: Paso a la Inmortalidad del General Don Manuel Belgrano<\/li><li><strong>21 de junio<\/strong>: Feriado con fines tur\u00edsticos<\/li><li><strong>9 de julio<\/strong>: D\u00eda de la Independencia<\/li><li><strong>11 de octubre<\/strong>: Feriado con fines tur\u00edsticos<\/li><li><strong>8 de diciembre<\/strong>: D\u00eda de la Inmaculada Concepci\u00f3n de Mar\u00eda<\/li><li><strong>25 de diciembre<\/strong>: Navidad<\/li><\/ul>\n\n\n\n<h2 class=\"wp-block-heading\">Feriados trasladables<\/h2>\n\n\n\n<ul class=\"wp-block-list\"><li><strong>17 de junio<\/strong>: Paso a la Inmortalidad del General Don Mart\u00edn Miguel de G\u00fcemes<\/li><li><strong>17 de agosto<\/strong>: Paso a la Inmortalidad del General Don Jos\u00e9 de San Mart\u00edn<\/li><li><strong>12 de octubre<\/strong>: D\u00eda del Respeto a la Diversidad Cultural<\/li><li><strong>20 de noviembre<\/strong>: D\u00eda de la Soberan\u00eda Nacional&nbsp;<strong>(se traslada al lunes 18)<\/strong><\/li><\/ul>\n\n\n\n<p>Por lo general, cuando los feriados caen en d\u00edas martes o mi\u00e9rcoles, se trasladan al lunes anterior, mientras que aquellos que coinciden con jueves o viernes se trasladan al lunes siguiente.\u00a0<strong>En este caso particular, solo se trasladar\u00eda el D\u00eda de la Soberan\u00eda Nacional<\/strong>.<\/p>\n\n\n\n<h2 class=\"wp-block-heading\">\u00bfCu\u00e1les ser\u00edan los pr\u00f3ximos fines de semana largos de 2024?<\/h2>\n\n\n\n<ul class=\"wp-block-list\"><li>Desde el 10 de febrero al 13 de febrero:&nbsp;<strong>4 d\u00edas de descanso<\/strong>.<\/li><li>Desde el 28 de marzo al 2 de abril:&nbsp;<strong>6 d\u00edas de descanso<\/strong>.<\/li><li>Desde el 15 de junio al 17 de junio:&nbsp;<strong>3 d\u00edas de descanso<\/strong>.<\/li><li>Desde el 20 de junio al 23 de junio:&nbsp;<strong>4 d\u00edas de descanso.<\/strong><\/li><li>Desde el 11 de octubre al 14 de octubre:&nbsp;<strong>4 d\u00edas de descanso<\/strong>.<\/li><li>Desde el 16 de noviembre al 18 de noviembre:&nbsp;<strong>3 d\u00edas de descanso<\/strong>.<\/li><\/ul>\n","protected":false},"excerpt":{"rendered":"<p>Este 2024,&nbsp;febrero&nbsp;contar\u00e1 con&nbsp;dos&nbsp;feriados consecutivos&nbsp;que forman un fin de semana largo de cuatro d\u00edas. Los d\u00edas festivos tendr\u00e1n lugar el&nbsp;lunes 12&nbsp;y el&nbsp;martes 13, por&nbsp;Carnaval. De esta manera, teniendo en cuenta que&hellip; <\/p>\n","protected":false},"author":12,"featured_media":121987,"comment_status":"closed","ping_status":"open","sticky":false,"template":"","format":"standard","meta":{"footnotes":""},"categories":[1],"tags":[],"class_list":["post-121984","post","type-post","status-publish","format-standard","has-post-thumbnail","hentry","category-informacion-general"],"_links":{"self":[{"href":"https:\/\/corrientesdetarde.com\/index.php\/wp-json\/wp\/v2\/posts\/121984","targetHints":{"allow":["GET"]}}],"collection":[{"href":"https:\/\/corrientesdetarde.com\/index.php\/wp-json\/wp\/v2\/posts"}],"about":[{"href":"https:\/\/corrientesdetarde.com\/index.php\/wp-json\/wp\/v2\/types\/post"}],"author":[{"embeddable":true,"href":"https:\/\/corrientesdetarde.com\/index.php\/wp-json\/wp\/v2\/users\/12"}],"replies":[{"embeddable":true,"href":"https:\/\/corrientesdetarde.com\/index.php\/wp-json\/wp\/v2\/comments?post=121984"}],"version-history":[{"count":1,"href":"https:\/\/corrientesdetarde.com\/index.php\/wp-json\/wp\/v2\/posts\/121984\/revisions"}],"predecessor-version":[{"id":121988,"href":"https:\/\/corrientesdetarde.com\/index.php\/wp-json\/wp\/v2\/posts\/121984\/revisions\/121988"}],"wp:featuredmedia":[{"embeddable":true,"href":"https:\/\/corrientesdetarde.com\/index.php\/wp-json\/wp\/v2\/media\/121987"}],"wp:attachment":[{"href":"https:\/\/corrientesdetarde.com\/index.php\/wp-json\/wp\/v2\/media?parent=121984"}],"wp:term":[{"taxonomy":"category","embeddable":true,"href":"https:\/\/corrientesdetarde.com\/index.php\/wp-json\/wp\/v2\/categories?post=121984"},{"taxonomy":"post_tag","embeddable":true,"href":"https:\/\/corrientesdetarde.com\/index.php\/wp-json\/wp\/v2\/tags?post=121984"}],"curies":[{"name":"wp","href":"https:\/\/api.w.org\/{rel}","templated":true}]}}