{"id":122022,"date":"2024-01-30T14:02:29","date_gmt":"2024-01-30T17:02:29","guid":{"rendered":"https:\/\/corrientesdetarde.com\/?p=122022"},"modified":"2024-01-30T14:02:30","modified_gmt":"2024-01-30T17:02:30","slug":"desde-este-miercoles-estaran-habilitadas-las-tarjetas-sapucay","status":"publish","type":"post","link":"https:\/\/corrientesdetarde.com\/index.php\/economia\/desde-este-miercoles-estaran-habilitadas-las-tarjetas-sapucay\/","title":{"rendered":"Desde este mi\u00e9rcoles estar\u00e1n habilitadas las Tarjetas Sapucay"},"content":{"rendered":"\n<p>El Ministerio de Desarrollo Social del Gobierno de Corrientes, comunic\u00f3 que a partir de este mi\u00e9rcoles 31 de enero de 2024 se habilitar\u00e1n las Tarjetas Sapucay.\u00a0Las mismas estar\u00e1n activas hasta el 22 de febrero.<\/p>\n\n\n\n<figure class=\"wp-block-image\"><a href=\"https:\/\/www.radiosudamericana.com\/notix\/multimedia\/imagenes\/fotos\/2024-01-30\/481807.jpg\"><img decoding=\"async\" src=\"https:\/\/www.radiosudamericana.com\/notix\/multimedia\/imagenes\/fotos\/2024-01-30\/481807.jpg_nota.jpg\" alt=\"\"\/><\/a><\/figure>\n\n\n\n<p>Las Tarjetas estar\u00e1n habilitadas para realizar las compras en los comercios adheridos con los montos correspondientes de&nbsp;&nbsp;<strong>$ 6000&nbsp;<\/strong>&nbsp;para los que tienen otros beneficios y de&nbsp;<strong>&nbsp;$ 12.000<\/strong>&nbsp;para quienes no tienen otro beneficio.<\/p>\n","protected":false},"excerpt":{"rendered":"<p>El Ministerio de Desarrollo Social del Gobierno de Corrientes, comunic\u00f3 que a partir de este mi\u00e9rcoles 31 de enero de 2024 se habilitar\u00e1n las Tarjetas Sapucay.\u00a0Las mismas estar\u00e1n activas hasta&hellip; <\/p>\n","protected":false},"author":8,"featured_media":122025,"comment_status":"closed","ping_status":"open","sticky":false,"template":"","format":"standard","meta":{"footnotes":""},"categories":[26,20],"tags":[],"class_list":["post-122022","post","type-post","status-publish","format-standard","has-post-thumbnail","hentry","category-destacados","category-economia"],"_links":{"self":[{"href":"https:\/\/corrientesdetarde.com\/index.php\/wp-json\/wp\/v2\/posts\/122022","targetHints":{"allow":["GET"]}}],"collection":[{"href":"https:\/\/corrientesdetarde.com\/index.php\/wp-json\/wp\/v2\/posts"}],"about":[{"href":"https:\/\/corrientesdetarde.com\/index.php\/wp-json\/wp\/v2\/types\/post"}],"author":[{"embeddable":true,"href":"https:\/\/corrientesdetarde.com\/index.php\/wp-json\/wp\/v2\/users\/8"}],"replies":[{"embeddable":true,"href":"https:\/\/corrientesdetarde.com\/index.php\/wp-json\/wp\/v2\/comments?post=122022"}],"version-history":[{"count":1,"href":"https:\/\/corrientesdetarde.com\/index.php\/wp-json\/wp\/v2\/posts\/122022\/revisions"}],"predecessor-version":[{"id":122026,"href":"https:\/\/corrientesdetarde.com\/index.php\/wp-json\/wp\/v2\/posts\/122022\/revisions\/122026"}],"wp:featuredmedia":[{"embeddable":true,"href":"https:\/\/corrientesdetarde.com\/index.php\/wp-json\/wp\/v2\/media\/122025"}],"wp:attachment":[{"href":"https:\/\/corrientesdetarde.com\/index.php\/wp-json\/wp\/v2\/media?parent=122022"}],"wp:term":[{"taxonomy":"category","embeddable":true,"href":"https:\/\/corrientesdetarde.com\/index.php\/wp-json\/wp\/v2\/categories?post=122022"},{"taxonomy":"post_tag","embeddable":true,"href":"https:\/\/corrientesdetarde.com\/index.php\/wp-json\/wp\/v2\/tags?post=122022"}],"curies":[{"name":"wp","href":"https:\/\/api.w.org\/{rel}","templated":true}]}}