{"id":122027,"date":"2024-01-30T14:05:14","date_gmt":"2024-01-30T17:05:14","guid":{"rendered":"https:\/\/corrientesdetarde.com\/?p=122027"},"modified":"2024-01-30T14:05:25","modified_gmt":"2024-01-30T17:05:25","slug":"descubrieron-que-cinco-pacientes-tratados-con-una-hormona-del-crecimiento-contaminada-desarrollaron-alzheimer","status":"publish","type":"post","link":"https:\/\/corrientesdetarde.com\/index.php\/internacionales\/descubrieron-que-cinco-pacientes-tratados-con-una-hormona-del-crecimiento-contaminada-desarrollaron-alzheimer\/","title":{"rendered":"Descubrieron que cinco pacientes tratados con una hormona del crecimiento contaminada desarrollaron alzheimer"},"content":{"rendered":"\n<p>La medicaci\u00f3n fue afectada por la prote\u00edna beta amiloide procedente de tejidos cerebrales de cad\u00e1veres, cuya acumulaci\u00f3n es responsable de la enfermedad en personas de entre 38 y 55 a\u00f1os de edad.<\/p>\n\n\n\n<p>Una investigaci\u00f3n llevada a cabo en el Reino Unido revel\u00f3 por primera vez la transmisi\u00f3n accidental, a trav\u00e9s de un tratamiento m\u00e9dico, de la prote\u00edna causante del alzh\u00e9imer.<\/p>\n\n\n\n<p>El hallazgo es relevante teniendo en cuenta que se trata de una enfermedad hasta ahora solamente asociada a la vejez o, en menor medida, a la herencia gen\u00e9tica.<\/p>\n\n\n\n<p>Los autores del estudio, publicado este lunes la revista&nbsp;<em>Nature Medicine<\/em>, dijeron que el hallazgo pone de manifiesto la necesidad de extremar precauciones. Sin embargo, cient\u00edficos advirtieron que&nbsp;<strong>no hay raz\u00f3n para temer la propagaci\u00f3n de la enfermedad<\/strong>.<\/p>\n\n\n\n<h2 class=\"wp-block-heading\">Qu\u00e9 dice el nuevo estudio brit\u00e1nico sobre el alzheimer<\/h2>\n\n\n\n<p>El estudio constat\u00f3 que cinco pacientes tratados con una hormona del crecimiento contaminada -procedente de tejidos cerebrales de cad\u00e1veres y en desuso desde 1985- acabaron desarrollando la enfermedad sin tener ni la edad ni la herencia gen\u00e9tica vinculadas a ella. Esta estaba contaminada con la prote\u00edna beta amiloide, cuya acumulaci\u00f3n es responsable del alzh\u00e9imer, inform\u00f3&nbsp;<em>EFE<\/em>.<\/p>\n\n\n\n<p>La hormona del crecimiento c-hGH, extra\u00edda de gl\u00e1ndulas pituitarias de personas fallecidas para tratar cuestiones de estatura, se administr\u00f3 a 1848 ni\u00f1as y ni\u00f1os del Reino Unido entre 1959 y 1985.<\/p>\n\n\n\n<figure class=\"wp-block-image\"><img decoding=\"async\" src=\"https:\/\/tn.com.ar\/resizer\/mSESujRuEbUEMZdwIRgrVcknN8w=\/767x0\/smart\/filters:format(webp)\/cloudfront-us-east-1.images.arcpublishing.com\/artear\/ZXN3HHJBL5BV3A666G5X334UAY.jpg\" alt=\"Un nuevo hallazgo sobre el alzheimer enciende algunas alarmas (Foto: Reuters)\"\/><\/figure>\n\n\n\n<p>La suspensi\u00f3n de su uso en 1985 -y su sustituci\u00f3n por una hormona sint\u00e9tica- vino derivada de la comprobaci\u00f3n de que algunos lotes conten\u00edan prote\u00ednas infecciosas causantes de la enfermedad de Creutzfeldt-Jakob, un trastorno cerebral que a menudo deriva en demencia.<\/p>\n\n\n\n<h2 class=\"wp-block-heading\">C\u00f3mo fue el estudio realizado por cient\u00edficos brit\u00e1nicos sobre el alzheimer<\/h2>\n\n\n\n<p>En 2017-2018, m\u00e1s de 30 a\u00f1os despu\u00e9s de que este tratamiento dejara de usarse, los autores del estudio analizaron muestras guardadas de la hormona del crecimiento c-hGH y comprobaron que estaban contaminadas con la patolog\u00eda asociada a la prote\u00edna beta amiloide a pesar de llevar d\u00e9cadas almacenadas.<\/p>\n\n\n\n<p>Al administrarlas a ratones vieron que estos desarrollaron alzh\u00e9imer. Por ello, se preguntaron cu\u00e1l habr\u00eda sido la evoluci\u00f3n de las ni\u00f1as y ni\u00f1os que recibieron el tratamiento potencialmente contaminado con la prote\u00edna beta amiloide.<\/p>\n\n\n\n<p>\u201dNuestra sospecha fue que las personas expuestas a aquella hormona del crecimiento que no sucumbieron en su momento a la enfermedad de Creutzfeldt-Jakob y vivieron m\u00e1s tiempo,&nbsp;<strong>podr\u00edan haber acabado desarrollando la enfermedad de Alzheimer<\/strong>\u201d, explic\u00f3 en rueda de prensa uno de los autores, el neurocirujano&nbsp;<strong>John Collinge<\/strong>, afiliado al University College de Londres.<\/p>\n\n\n\n<h2 class=\"wp-block-heading\">Qu\u00e9 revelan los ocho casos estudiados<\/h2>\n\n\n\n<p>El estudio de ocho de esos casos demostr\u00f3 que cinco empezaron a mostrar s\u00edntomas de demencia entre los 38 y los 55 a\u00f1os, y en la actualidad, o bien tienen alzh\u00e9imer diagnosticado o cumplen todos los criterios de diagn\u00f3stico de esta enfermedad.<\/p>\n\n\n\n<p>De las tres restantes, una persona cumpl\u00eda los criterios de deterioro cognitivo leve.<\/p>\n\n\n\n<figure class=\"wp-block-image\"><img decoding=\"async\" src=\"https:\/\/tn.com.ar\/resizer\/KBCbc7GkDIicY-NQaM7xfYc0HBk=\/767x0\/smart\/filters:format(webp)\/cloudfront-us-east-1.images.arcpublishing.com\/artear\/626FWWFPCRFHXNOLVYITF7OLT4.jpg\" alt=\"Un estudio revel\u00f3 un hallazgo sobre el alzheimer que sorprendi\u00f3 al mundo cient\u00edfico (Foto: AP)\"\/><\/figure>\n\n\n\n<p>La edad inusualmente temprana a la que estos pacientes desarrollaron los s\u00edntomas sugiere que no padec\u00edan alzh\u00e9imer habitual asociado a la vejez, y en los cinco casos se descart\u00f3 la existencia del gen que hace que en algunos casos esta enfermedad sea hereditaria.<\/p>\n\n\n\n<p>\u201dNo hay ning\u00fan indicio de que la enfermedad de Alzheimer pueda transmitirse entre personas durante las actividades de la vida diaria o de la atenci\u00f3n m\u00e9dica rutinaria. Los pacientes que hemos descrito recibieron un tratamiento m\u00e9dico espec\u00edfico que se interrumpi\u00f3 en 1985\u2033, subraya Collinge.<\/p>\n\n\n\n<p>No obstante, los autores coinciden en que el hallazgo de que el alzh\u00e9imer podr\u00eda trasmitirse, por muy extraordinarias que sean las circunstancias, marca un precedente y debe llevar \u201ca revisar las medidas para prevenir la transmisi\u00f3n accidental a trav\u00e9s de procedimientos m\u00e9dicos o quir\u00fargicos, con el fin de evitar que estos casos se produzcan en el futuro\u201d.<\/p>\n\n\n\n<h2 class=\"wp-block-heading\">\u201cNo es algo que deba preocupar a la gente\u201d<\/h2>\n\n\n\n<p>En una reacci\u00f3n recogida por la plataforma Science Media Centre,&nbsp;<strong>Tara Spires-Jones<\/strong>, presidenta de la Sociedad Brit\u00e1nica de Neurociencia, no cuestion\u00f3 los resultados del estudio, pero s\u00ed enfatiz\u00f3 en que \u201c<strong>no es algo que deba preocupar a la gente<\/strong>\u201d.<\/p>\n\n\n\n<p>\u201dNo hay indicios de que la patolog\u00eda del alzh\u00e9imer pueda transmitirse entre individuos en actividades de la vida cotidiana, ni hay pruebas que hagan temer que los procedimientos quir\u00fargicos actuales conlleven alg\u00fan riesgo de transmisi\u00f3n de la enfermedad\u201d, agreg\u00f3.<\/p>\n\n\n\n<p>En la misma l\u00ednea, el catedr\u00e1tico de Bioqu\u00edmica de la Universidad de Manchester&nbsp;<strong>Andrew Doig&nbsp;<\/strong>pidi\u00f3\u201cser cautelosos\u201d y alert\u00f3 que, pese a su solvencia, el estudio \u201csolo tiene en cuenta ocho pacientes\u201d.<\/p>\n\n\n\n<p>\u201d<strong>No hay raz\u00f3n para temer la propagaci\u00f3n de la enfermedad<\/strong>, ya que la forma en la que se origin\u00f3 esta trasmisi\u00f3n se detuvo hace m\u00e1s de 40 a\u00f1os. La transmisi\u00f3n de la enfermedad de cerebro humano a cerebro de esta forma no deber\u00eda volver a producirse\u201d, sostuvo.<\/p>\n","protected":false},"excerpt":{"rendered":"<p>La medicaci\u00f3n fue afectada por la prote\u00edna beta amiloide procedente de tejidos cerebrales de cad\u00e1veres, cuya acumulaci\u00f3n es responsable de la enfermedad en personas de entre 38 y 55 a\u00f1os&hellip; <\/p>\n","protected":false},"author":8,"featured_media":122028,"comment_status":"closed","ping_status":"open","sticky":false,"template":"","format":"standard","meta":{"footnotes":""},"categories":[11],"tags":[],"class_list":["post-122027","post","type-post","status-publish","format-standard","has-post-thumbnail","hentry","category-internacionales"],"_links":{"self":[{"href":"https:\/\/corrientesdetarde.com\/index.php\/wp-json\/wp\/v2\/posts\/122027","targetHints":{"allow":["GET"]}}],"collection":[{"href":"https:\/\/corrientesdetarde.com\/index.php\/wp-json\/wp\/v2\/posts"}],"about":[{"href":"https:\/\/corrientesdetarde.com\/index.php\/wp-json\/wp\/v2\/types\/post"}],"author":[{"embeddable":true,"href":"https:\/\/corrientesdetarde.com\/index.php\/wp-json\/wp\/v2\/users\/8"}],"replies":[{"embeddable":true,"href":"https:\/\/corrientesdetarde.com\/index.php\/wp-json\/wp\/v2\/comments?post=122027"}],"version-history":[{"count":1,"href":"https:\/\/corrientesdetarde.com\/index.php\/wp-json\/wp\/v2\/posts\/122027\/revisions"}],"predecessor-version":[{"id":122029,"href":"https:\/\/corrientesdetarde.com\/index.php\/wp-json\/wp\/v2\/posts\/122027\/revisions\/122029"}],"wp:featuredmedia":[{"embeddable":true,"href":"https:\/\/corrientesdetarde.com\/index.php\/wp-json\/wp\/v2\/media\/122028"}],"wp:attachment":[{"href":"https:\/\/corrientesdetarde.com\/index.php\/wp-json\/wp\/v2\/media?parent=122027"}],"wp:term":[{"taxonomy":"category","embeddable":true,"href":"https:\/\/corrientesdetarde.com\/index.php\/wp-json\/wp\/v2\/categories?post=122027"},{"taxonomy":"post_tag","embeddable":true,"href":"https:\/\/corrientesdetarde.com\/index.php\/wp-json\/wp\/v2\/tags?post=122027"}],"curies":[{"name":"wp","href":"https:\/\/api.w.org\/{rel}","templated":true}]}}