{"id":122030,"date":"2024-01-30T14:10:28","date_gmt":"2024-01-30T17:10:28","guid":{"rendered":"https:\/\/corrientesdetarde.com\/?p=122030"},"modified":"2024-01-30T14:10:33","modified_gmt":"2024-01-30T17:10:33","slug":"fuerte-mensaje-del-gobierno-a-los-piqueteros-que-iran-a-los-supermercados-a-reclamar-comida","status":"publish","type":"post","link":"https:\/\/corrientesdetarde.com\/index.php\/nacionales\/fuerte-mensaje-del-gobierno-a-los-piqueteros-que-iran-a-los-supermercados-a-reclamar-comida\/","title":{"rendered":"Fuerte mensaje del Gobierno a los piqueteros que ir\u00e1n a los supermercados a reclamar comida"},"content":{"rendered":"\n<p>El vocero presidencial Manuel Adorni dijo que no permitir\u00e1n que se incumpla la ley y reiter\u00f3 que quienes se vean obligados a movilizarse pueden hacer denuncias en la l\u00ednea 134.<\/p>\n\n\n\n<p>El Gobierno les envi\u00f3 una fuerte\u00a0<strong>advertencia\u00a0<\/strong>a los grupos piqueteros que anunciaron que el jueves se movilizar\u00e1n hacia supermercados en reclamo de comida, en protesta por la \u201dfalta de alimentos y la emergencia alimentaria\u201d en los comedores comunitarios. El vocero presidencial,\u00a0<strong>Manuel Adorni,<\/strong>\u00a0plante\u00f3 en conferencia de prensa en Casa Rosada: \u201cNo vamos a aceptar la\u00a0<strong>extorsi\u00f3n,\u00a0<\/strong>que se act\u00fae fuera de la ley ni que se movilice gente que no se quiera movilizar\u201d.<\/p>\n\n\n\n<p>Adorni mencion\u00f3 que representantes de determinados grupos sociales anunciaron para esta semana alguna especie de marcha o de protesta frente a supermercados\u201d y reiter\u00f3: \u201cSigue abierta la l\u00ednea an\u00f3nima y gratuita\u00a0<strong>134\u00a0<\/strong>para cualquier tipo de extorsi\u00f3n que pueda existir. Si\u00e9ntanse libres de hacer la denuncia y ponernos en conocimiento\u201d.<\/p>\n\n\n\n<p>Participar\u00e1n de las manifestaciones organizaciones sociales y pol\u00edticas de la UTEP, Movimiento Evita, Corriente Clasista y Combativa (CCC) y el Movimiento Somos Barrios de Pie, referentes de el Movimiento Libres del Sur; del Frente de Organizaciones en Lucha (FOL); el Movimiento de Trabajadores Desocupados (MTD) An\u00edbal Ver\u00f3n, y del Frente Popular Dar\u00edo Santill\u00e1n (FPDS), el Movimiento Popular La Dignidad, entre otros.<\/p>\n\n\n\n<p>El vocero presidencial critic\u00f3: \u201cMuchos de estos personajes ten\u00edan relaci\u00f3n con el<strong>&nbsp;gobierno anterior,&nbsp;<\/strong>entendemos que est\u00e1n&nbsp;<strong>en contra<\/strong>&nbsp;del trabajo que estamos llevando adelante para transparentar el esquema de ayuda a comedores evitando cualquier tipo de intermediaci\u00f3n y la compra directa, que presupone alg\u00fan&nbsp;<strong>manejo no debido\u201d.<\/strong><\/p>\n\n\n\n<h2 class=\"wp-block-heading\">Fuerte mensaje del Gobierno a los piqueteros que ir\u00e1n a los supermercados a reclamar comida<\/h2>\n\n\n\n<figure class=\"wp-block-image\"><img decoding=\"async\" src=\"https:\/\/tn.com.ar\/resizer\/D5ROFSDeMMlSvpmoSi1p3s2k5Ss=\/767x0\/smart\/filters:format(webp)\/thumbs.vodgc.net\/FC11144B188C1AF63E7E26556EA999DB164.jpg%3F571886\" alt=\"Video Placeholder\"\/><\/figure>\n\n\n\n<p>El Gobierno, por medio de Adorni, les hizo una fuerte advertencia a las organizaciones sociales que anunciaron que marchar\u00e1n hacia supermercados en reclamo de comida, en protesta por la \u201cfalta de alimentos y la emergencia alimentaria\u201d en los comedores comunitarios: \u201cNo vamos a aceptar la extorsi\u00f3n, que se act\u00fae<strong>&nbsp;fuera de la ley&nbsp;<\/strong>ni que se movilice gente que no se quiera movilizar\u201d.<\/p>\n\n\n\n<h2 class=\"wp-block-heading\">El Gobierno sali\u00f3 al cruce de las acusaciones de las organizaciones de falta de entrega de alimentos<\/h2>\n\n\n\n<p>Adorni adem\u00e1s respondi\u00f3 a las acusaciones de las organizaciones de falta de entrega de alimentos en comedores comunitarios, al criticar que las marchas a los supermercados son impulsadas por \u201cpersonajes que est\u00e1n&nbsp;<strong>en contra&nbsp;<\/strong>del trabajo del Gobierno para&nbsp;<strong>transparentar&nbsp;<\/strong>el esquema de ayuda a comedores\u201d, y que los alimentos \u201cefectivamente lleguen a quienes les tenga que llegar\u201d.<\/p>\n\n\n\n<p>El vocero presidencial dijo: \u201cEn el proceso de env\u00edo de alimentos a los comedores hab\u00eda un sistema con el cual claramente&nbsp;<strong>no compatibilizamos,<\/strong>&nbsp;que es la discrecionalidad. Va a llevar unos d\u00edas m\u00e1s, pero va a haber un m\u00e9todo innovador para que la ayuda le llegue a quien le tenga que llegar, no que&nbsp;<strong>ande en un pasamanos<\/strong>&nbsp;con intermediarios y que sigan existiendo los negocios con la pobreza\u201d.<\/p>\n","protected":false},"excerpt":{"rendered":"<p>El vocero presidencial Manuel Adorni dijo que no permitir\u00e1n que se incumpla la ley y reiter\u00f3 que quienes se vean obligados a movilizarse pueden hacer denuncias en la l\u00ednea 134.&hellip; <\/p>\n","protected":false},"author":8,"featured_media":122031,"comment_status":"closed","ping_status":"open","sticky":false,"template":"","format":"standard","meta":{"footnotes":""},"categories":[10],"tags":[],"class_list":["post-122030","post","type-post","status-publish","format-standard","has-post-thumbnail","hentry","category-nacionales"],"_links":{"self":[{"href":"https:\/\/corrientesdetarde.com\/index.php\/wp-json\/wp\/v2\/posts\/122030","targetHints":{"allow":["GET"]}}],"collection":[{"href":"https:\/\/corrientesdetarde.com\/index.php\/wp-json\/wp\/v2\/posts"}],"about":[{"href":"https:\/\/corrientesdetarde.com\/index.php\/wp-json\/wp\/v2\/types\/post"}],"author":[{"embeddable":true,"href":"https:\/\/corrientesdetarde.com\/index.php\/wp-json\/wp\/v2\/users\/8"}],"replies":[{"embeddable":true,"href":"https:\/\/corrientesdetarde.com\/index.php\/wp-json\/wp\/v2\/comments?post=122030"}],"version-history":[{"count":1,"href":"https:\/\/corrientesdetarde.com\/index.php\/wp-json\/wp\/v2\/posts\/122030\/revisions"}],"predecessor-version":[{"id":122032,"href":"https:\/\/corrientesdetarde.com\/index.php\/wp-json\/wp\/v2\/posts\/122030\/revisions\/122032"}],"wp:featuredmedia":[{"embeddable":true,"href":"https:\/\/corrientesdetarde.com\/index.php\/wp-json\/wp\/v2\/media\/122031"}],"wp:attachment":[{"href":"https:\/\/corrientesdetarde.com\/index.php\/wp-json\/wp\/v2\/media?parent=122030"}],"wp:term":[{"taxonomy":"category","embeddable":true,"href":"https:\/\/corrientesdetarde.com\/index.php\/wp-json\/wp\/v2\/categories?post=122030"},{"taxonomy":"post_tag","embeddable":true,"href":"https:\/\/corrientesdetarde.com\/index.php\/wp-json\/wp\/v2\/tags?post=122030"}],"curies":[{"name":"wp","href":"https:\/\/api.w.org\/{rel}","templated":true}]}}