{"id":122043,"date":"2024-01-30T14:57:31","date_gmt":"2024-01-30T17:57:31","guid":{"rendered":"https:\/\/corrientesdetarde.com\/?p=122043"},"modified":"2024-01-30T14:57:43","modified_gmt":"2024-01-30T17:57:43","slug":"las-cuotas-de-las-prepagas-aumentaran-mas-del-20-en-febrero-cuanto-subieron-en-lo-que-va-del-ano","status":"publish","type":"post","link":"https:\/\/corrientesdetarde.com\/index.php\/bienestar-y-salud\/las-cuotas-de-las-prepagas-aumentaran-mas-del-20-en-febrero-cuanto-subieron-en-lo-que-va-del-ano\/","title":{"rendered":"Las cuotas de las prepagas aumentar\u00e1n m\u00e1s del 20% en febrero: cu\u00e1nto subieron en lo que va del a\u00f1o"},"content":{"rendered":"\n<p>El segundo mes del 2024, los afiliados deber\u00e1n afrontar un nuevo incremento en los planes de salud.<\/p>\n\n\n\n<p>Las empresas de medicina\u00a0prepaga\u00a0informaron que las cuotas tendr\u00e1n un\u00a0<strong>aumento del 26% promedio<\/strong>\u00a0en\u00a0<strong>febrero<\/strong>, sobre el valor de enero. En enero, los usuarios de las prepagas recibieron un alza del\u00a0<strong>40%<\/strong>\u00a0en los aranceles. En lo que va del a\u00f1o,\u00a0<strong>acumulan un alza de hasta 76%<\/strong>\u00a0en los planes de salud.<\/p>\n\n\n\n<p>La actualizaci\u00f3n se da frente a la decisi\u00f3n del Gobierno de\u00a0<strong>no intervenir en los precios\u00a0<\/strong>y las empresas no tendr\u00e1n tope para la diferencia entre el precio del plan para gente m\u00e1s joven (m\u00e1s econ\u00f3mico) y el resto.<\/p>\n\n\n\n<p>Frente a los incrementos, las empresas analizan implementar un planes low cost\u00a0para evitar una masiva baja de afiliados que, seg\u00fan un an\u00e1lisis de la\u00a0<strong>Uni\u00f3n Argentina de Salud (UAS)<\/strong>, rondar\u00eda el 5% del total de usuarios de cada firma.<\/p>\n\n\n\n<p>Por otro lado, la Confederaci\u00f3n Farmac\u00e9utica Argentina (<strong>COFA<\/strong>) inform\u00f3 que se registr\u00f3 una<strong>&nbsp;baja interanual del 4,6%<\/strong>&nbsp;en la venta de medicamentos durante el 2023. Esta situaci\u00f3n se dio frente a un fuerte alza en los precios. En algunos caso, provoc\u00f3 que la reducci\u00f3n o suspensi\u00f3n de los tratamientos farmacol\u00f3gicos.<\/p>\n\n\n\n<h2 class=\"wp-block-heading\">Prepagas: de cu\u00e1nto es el aumento en las cuotas de febrero<\/h2>\n\n\n\n<ul class=\"wp-block-list\"><li>Las actualizaciones del valor de las cuotas de las prepagas van desde el<strong>&nbsp;25% al 30%<\/strong>&nbsp;en&nbsp;<strong>febrero;<\/strong><\/li><li>Frente a los incrementos, algunos prestadores cobran&nbsp;<strong>copagos<\/strong>&nbsp;para \u201cafrontar los gastos\u201d.<\/li><li>En lo que va del a\u00f1o, acumulan un alza de hasta 76% en los planes de salud.<\/li><\/ul>\n\n\n\n<figure class=\"wp-block-image\"><img decoding=\"async\" src=\"https:\/\/tn.com.ar\/resizer\/9s6luq98-VdgTngTjvkq6NGHA20=\/767x0\/smart\/filters:format(webp)\/cloudfront-us-east-1.images.arcpublishing.com\/artear\/TFSNEAOEZFHLTLMJH4BRHRLUTA.png\" alt=\"Otro amparo contra el DNU de Milei: las prepagas reclamaron la inconstitucionalidad del proyecto. (Foto: AdobeStock)\"\/><\/figure>\n\n\n\n<h2 class=\"wp-block-heading\">Uno por uno, los cambios en las cuotas de las prepagas tras el DNU de Javier Milei<\/h2>\n\n\n\n<p>En las 300 medidas que tom\u00f3 el Gobierno, est\u00e1n los\u00a0<strong>cambios al marco regulatorio de la medicina prepaga\u00a0<\/strong>. A continuaci\u00f3n, las claves:<\/p>\n\n\n\n<ul class=\"wp-block-list\"><li>Las<strong>&nbsp;cuotas<\/strong>&nbsp;de las prepagas<strong>&nbsp;podr\u00e1n aumentar<\/strong>&nbsp;el porcentaje que&nbsp;<strong>decida cada entidad.<\/strong><\/li><li>La autoridad de aplicaci\u00f3n ya no podr\u00e1 fijar los aranceles m\u00ednimos obligatorios, ni regular los modelos de contrato.<\/li><li>Las&nbsp;<strong>prepagas<\/strong>&nbsp;podr\u00e1n aplicar&nbsp;<strong>precios diferenciales<\/strong>&nbsp;en las&nbsp;<strong>cuotas<\/strong>&nbsp;dentro de un mismo plan, seg\u00fan la edad del afiliado, con una variaci\u00f3n m\u00e1xima de tres veces entre el precio de la primera y la \u00faltima.<\/li><li>Las empresas de medicina privada no deber\u00e1n transferir a los afiliados de una empresa a otra en caso de quiebre.<\/li><li>Las prepagas se incorporan al<strong>&nbsp;r\u00e9gimen de obras sociales.<\/strong>&nbsp;Los aportes de los usuarios ingresar\u00e1n de forma directa a la entidad de medicina privada.<\/li><\/ul>\n","protected":false},"excerpt":{"rendered":"<p>El segundo mes del 2024, los afiliados deber\u00e1n afrontar un nuevo incremento en los planes de salud. Las empresas de medicina\u00a0prepaga\u00a0informaron que las cuotas tendr\u00e1n un\u00a0aumento del 26% promedio\u00a0en\u00a0febrero, sobre&hellip; <\/p>\n","protected":false},"author":8,"featured_media":122044,"comment_status":"closed","ping_status":"open","sticky":false,"template":"","format":"standard","meta":{"footnotes":""},"categories":[16],"tags":[],"class_list":["post-122043","post","type-post","status-publish","format-standard","has-post-thumbnail","hentry","category-bienestar-y-salud"],"_links":{"self":[{"href":"https:\/\/corrientesdetarde.com\/index.php\/wp-json\/wp\/v2\/posts\/122043","targetHints":{"allow":["GET"]}}],"collection":[{"href":"https:\/\/corrientesdetarde.com\/index.php\/wp-json\/wp\/v2\/posts"}],"about":[{"href":"https:\/\/corrientesdetarde.com\/index.php\/wp-json\/wp\/v2\/types\/post"}],"author":[{"embeddable":true,"href":"https:\/\/corrientesdetarde.com\/index.php\/wp-json\/wp\/v2\/users\/8"}],"replies":[{"embeddable":true,"href":"https:\/\/corrientesdetarde.com\/index.php\/wp-json\/wp\/v2\/comments?post=122043"}],"version-history":[{"count":1,"href":"https:\/\/corrientesdetarde.com\/index.php\/wp-json\/wp\/v2\/posts\/122043\/revisions"}],"predecessor-version":[{"id":122046,"href":"https:\/\/corrientesdetarde.com\/index.php\/wp-json\/wp\/v2\/posts\/122043\/revisions\/122046"}],"wp:featuredmedia":[{"embeddable":true,"href":"https:\/\/corrientesdetarde.com\/index.php\/wp-json\/wp\/v2\/media\/122044"}],"wp:attachment":[{"href":"https:\/\/corrientesdetarde.com\/index.php\/wp-json\/wp\/v2\/media?parent=122043"}],"wp:term":[{"taxonomy":"category","embeddable":true,"href":"https:\/\/corrientesdetarde.com\/index.php\/wp-json\/wp\/v2\/categories?post=122043"},{"taxonomy":"post_tag","embeddable":true,"href":"https:\/\/corrientesdetarde.com\/index.php\/wp-json\/wp\/v2\/tags?post=122043"}],"curies":[{"name":"wp","href":"https:\/\/api.w.org\/{rel}","templated":true}]}}