{"id":122237,"date":"2024-01-31T11:30:23","date_gmt":"2024-01-31T14:30:23","guid":{"rendered":"https:\/\/corrientesdetarde.com\/?p=122237"},"modified":"2024-01-31T12:00:05","modified_gmt":"2024-01-31T15:00:05","slug":"un-disenador-argentino-es-el-nuevo-director-de-la-famosa-marca-italiana-moschino","status":"publish","type":"post","link":"https:\/\/corrientesdetarde.com\/index.php\/espectaculos\/un-disenador-argentino-es-el-nuevo-director-de-la-famosa-marca-italiana-moschino\/","title":{"rendered":"Un dise\u00f1ador argentino es el nuevo director de la famosa marca italiana Moschino"},"content":{"rendered":"\n<p>El dise\u00f1ador argentino\u00a0<strong>Adri\u00e1n Appiolaza<\/strong>, de 51 a\u00f1os, fue presentado hoy por la famosa\u00a0marca italiana\u00a0<strong>Moschino<\/strong>\u00a0como su\u00a0<strong>nuevo Director Creativo<\/strong>, cargo desde el cual supervisar\u00e1 las colecciones de mujeres, hombres y accesorios, a la vez que har\u00e1 su debut oficial durante la inminente\u00a0<strong>Semana de la Moda de Mil\u00e1n<\/strong>.<\/p>\n\n\n\n<p>La empresa de moda de lujo italiana mostr\u00f3 a su flamante director en las redes sociales, donde tras darle la bienvenida a Appiolaza anunci\u00f3 que debutar\u00e1 \u201ccon la colecci\u00f3n de mujeres oto\u00f1o\/invierno 2024, que se presentar\u00e1 el<strong>&nbsp;22 de febrero<\/strong>\u201d en el&nbsp;<strong>Museo della Permanente<\/strong>, un sitio m\u00e1s que significativo para la marca, ya que acogi\u00f3 la hist\u00f3rica exposici\u00f3n \u201cMoschino &#8211; X anni di Kaos! 1983-1993\u2033 para celebrar su primera d\u00e9cada.<\/p>\n\n\n\n<figure class=\"wp-block-image\"><img decoding=\"async\" src=\"https:\/\/tn.com.ar\/resizer\/oEqE42en4N2F0oDSIfFKDvKyjf4=\/767x0\/smart\/filters:format(webp)\/cloudfront-us-east-1.images.arcpublishing.com\/artear\/MT7STNILWVFSVAV5343BVI2OKM.jpg\" alt=\"La foto elegida por Moschino del dise\u00f1ador argentino. (Foto: @moschino)\"\/><figcaption>La foto elegida por Moschino del dise\u00f1ador argentino. (Foto: @moschino)<\/figcaption><\/figure>\n\n\n\n<p>El presidente de la compa\u00f1ia, Massimo Ferretti, destac\u00f3 que estaban \u201cfelices y honrados de dar la bienvenida a Adri\u00e1n a la familia Aeffe\u201d SPA, como se denomina formalmente el grupo empresario.<\/p>\n\n\n\n<p>Y, acot\u00f3 que \u201ccon su llegada a Moschino,&nbsp;<strong>Adri\u00e1n trae consigo una riqueza \u00fanica de experiencia, creatividad y conocimiento de la historia de la moda&nbsp;<\/strong>que ser\u00e1 decisiva para escribir un maravilloso nuevo cap\u00edtulo en la aventura de la marca fundada por Franco Moschino\u201d.<\/p>\n\n\n\n<p>\u201cMe impresion\u00f3 la explosiva creatividad de Adri\u00e1n, una personalidad llena de energ\u00eda y entusiasmo, elementos que siempre han distinguido la historia de la marca Moschino\u201d, a\u00f1adi\u00f3 Ferreti y le dese\u00f3 \u201ctodo lo mejor para construir una gran historia de \u00e9xito\u201d.<\/p>\n\n\n\n<figure class=\"wp-block-image\"><img decoding=\"async\" src=\"https:\/\/tn.com.ar\/resizer\/VWWY7-jhEhRK7y2x6SUzgxeiVyo=\/767x0\/smart\/filters:format(webp)\/cloudfront-us-east-1.images.arcpublishing.com\/artear\/H2RRRUEWULP2VQ5AAMOV6HV6PE.jpg\" alt=\"Una modelo en el back del \u00faltmimo desfile de Moschino en Mil\u00e1n el a\u00f1o pasado. (Foto: REUTERS\/Alessandro Garofalo)\"\/><figcaption>Una modelo en el back del \u00faltmimo desfile de Moschino en Mil\u00e1n el a\u00f1o pasado. (Foto: REUTERS\/Alessandro Garofalo)Por:&nbsp;<strong>REUTERS<\/strong><\/figcaption><\/figure>\n\n\n\n<h2 class=\"wp-block-heading\">Qui\u00e9n es el argentino de Moschino<\/h2>\n\n\n\n<p>Adri\u00e1n Appiolaza, el dise\u00f1ador nacido en Buenos Aires, pero asentado hace a\u00f1os en Par\u00eds donde trabaj\u00f3 para Loewe y Chlo\u00e9, destac\u00f3 que \u201clas chaquetas con postales en 3D,&nbsp;<strong>el vestido con una falda hecha con veinte corpi\u00f1os<\/strong>, el incontable trompe-l\u2019oeil: como creativo y coleccionista, la lista de creaciones de Franco Moschino que han entrado en la historia de la moda es casi infinita\u201d.<\/p>\n\n\n\n<p>\u201cLa esencia de su talento, para m\u00ed, es&nbsp;<strong>habitar su tiempo<\/strong>, una misi\u00f3n que llev\u00f3 a cabo con ligereza envidiable, abriendo una ventana para que todos nosotros imaginemos, a nuestra manera, el futuro. Estoy profundamente agradecido a Massimo Ferretti por permitirme acceder al mundo de Moschino, as\u00ed como por entrar en una casa cuyas paredes exudan una historia que estoy ansioso por escuchar. Estoy&nbsp;<strong>listo para transportar la Maison a un nuevo cap\u00edtulo, con un toque teatral, al puro estilo de Moschino<\/strong>\u201d, a\u00f1adi\u00f3.<\/p>\n","protected":false},"excerpt":{"rendered":"<p>El dise\u00f1ador argentino\u00a0Adri\u00e1n Appiolaza, de 51 a\u00f1os, fue presentado hoy por la famosa\u00a0marca italiana\u00a0Moschino\u00a0como su\u00a0nuevo Director Creativo, cargo desde el cual supervisar\u00e1 las colecciones de mujeres, hombres y accesorios, a&hellip; <\/p>\n","protected":false},"author":1,"featured_media":122242,"comment_status":"closed","ping_status":"open","sticky":false,"template":"","format":"standard","meta":{"footnotes":""},"categories":[19],"tags":[],"class_list":["post-122237","post","type-post","status-publish","format-standard","has-post-thumbnail","hentry","category-espectaculos"],"_links":{"self":[{"href":"https:\/\/corrientesdetarde.com\/index.php\/wp-json\/wp\/v2\/posts\/122237","targetHints":{"allow":["GET"]}}],"collection":[{"href":"https:\/\/corrientesdetarde.com\/index.php\/wp-json\/wp\/v2\/posts"}],"about":[{"href":"https:\/\/corrientesdetarde.com\/index.php\/wp-json\/wp\/v2\/types\/post"}],"author":[{"embeddable":true,"href":"https:\/\/corrientesdetarde.com\/index.php\/wp-json\/wp\/v2\/users\/1"}],"replies":[{"embeddable":true,"href":"https:\/\/corrientesdetarde.com\/index.php\/wp-json\/wp\/v2\/comments?post=122237"}],"version-history":[{"count":2,"href":"https:\/\/corrientesdetarde.com\/index.php\/wp-json\/wp\/v2\/posts\/122237\/revisions"}],"predecessor-version":[{"id":122252,"href":"https:\/\/corrientesdetarde.com\/index.php\/wp-json\/wp\/v2\/posts\/122237\/revisions\/122252"}],"wp:featuredmedia":[{"embeddable":true,"href":"https:\/\/corrientesdetarde.com\/index.php\/wp-json\/wp\/v2\/media\/122242"}],"wp:attachment":[{"href":"https:\/\/corrientesdetarde.com\/index.php\/wp-json\/wp\/v2\/media?parent=122237"}],"wp:term":[{"taxonomy":"category","embeddable":true,"href":"https:\/\/corrientesdetarde.com\/index.php\/wp-json\/wp\/v2\/categories?post=122237"},{"taxonomy":"post_tag","embeddable":true,"href":"https:\/\/corrientesdetarde.com\/index.php\/wp-json\/wp\/v2\/tags?post=122237"}],"curies":[{"name":"wp","href":"https:\/\/api.w.org\/{rel}","templated":true}]}}