{"id":122310,"date":"2024-01-31T15:18:53","date_gmt":"2024-01-31T18:18:53","guid":{"rendered":"https:\/\/corrientesdetarde.com\/?p=122310"},"modified":"2024-01-31T15:19:05","modified_gmt":"2024-01-31T18:19:05","slug":"guillermo-michel-le-reclamo-a-rogelio-frigerio-que-sus-diputados-defiendan-a-la-provincia","status":"publish","type":"post","link":"https:\/\/corrientesdetarde.com\/index.php\/politica\/guillermo-michel-le-reclamo-a-rogelio-frigerio-que-sus-diputados-defiendan-a-la-provincia\/","title":{"rendered":"Guillermo Michel le reclam\u00f3 a Rogelio Frigerio que &#8220;sus diputados defiendan a la provincia&#8221;"},"content":{"rendered":"\n<p>El extitular de la AFIP le reclam\u00f3 al gobernador de Entre R\u00edos que \u00e9l y los diputados nacionales de la provincia reclamen la coparticipaci\u00f3n del Impuesto PAIS.<\/p>\n\n\n\n<p><strong>Guillermo Michel&nbsp;<\/strong>us\u00f3 sus redes sociales para pedirle al gobernador de Entre R\u00edos,&nbsp;<strong>Rogelio Frigerio<\/strong>, a quien le reclam\u00f3 que los diputados nacionales de su provincia le soliciten al Gobierno la coparticipar el<strong>&nbsp;impuesto PAIS.<\/strong><\/p>\n\n\n\n<p>&#8220;Gobernador Rogelio Frigerio si los diputados nacionales que responden a su conducci\u00f3n van a aportar los votos para aprobar la ley ser\u00eda bueno que en este contexto de &#8216;emergencia econ\u00f3mica&#8217; defiendan los intereses de la provincia y pidan coparticipar parte del impuesto PA\u00cdS&#8221;, manifest\u00f3 el extitular de la AFIP.<\/p>\n\n\n\n<figure class=\"wp-block-image size-large is-resized\"><img loading=\"lazy\" decoding=\"async\" src=\"https:\/\/corrientesdetarde.com\/wp-content\/uploads\/2024\/01\/1706724886414-836x1024.jpg\" alt=\"\" class=\"wp-image-122314\" width=\"585\" height=\"716\" srcset=\"https:\/\/corrientesdetarde.com\/wp-content\/uploads\/2024\/01\/1706724886414-836x1024.jpg 836w, https:\/\/corrientesdetarde.com\/wp-content\/uploads\/2024\/01\/1706724886414-245x300.jpg 245w, https:\/\/corrientesdetarde.com\/wp-content\/uploads\/2024\/01\/1706724886414-768x941.jpg 768w, https:\/\/corrientesdetarde.com\/wp-content\/uploads\/2024\/01\/1706724886414.jpg 1080w\" sizes=\"auto, (max-width: 585px) 100vw, 585px\" \/><\/figure>\n\n\n\n<p>En este contexto, agreg\u00f3:&nbsp;<strong>&#8220;Considerando la devaluaci\u00f3n y la suba de al\u00edcuotas del impuesto, la recaudaci\u00f3n esperada para el a\u00f1o 2024 por ese tributo es de $8,1 billones&#8221;.<\/strong><\/p>\n\n\n\n<p><strong>&#8220;Si el 30% de lo recaudado se coparticipa con las provincias, sin afectar lo que actualmente se destina a Anses, Entre R\u00edos podr\u00eda recibir $114.210 millones durante el 2024,<\/strong>&nbsp;monto que le dar\u00eda un &#8216;alivio fiscal&#8217; a las finanzas provinciales. En esa l\u00ednea, adjunto el proyecto de modificaci\u00f3n al dictamen para plantear en el recinto&#8221;, remarc\u00f3.<\/p>\n\n\n\n<figure class=\"wp-block-image size-large is-resized\"><img loading=\"lazy\" decoding=\"async\" src=\"https:\/\/corrientesdetarde.com\/wp-content\/uploads\/2024\/01\/1706724886427-837x1024.jpg\" alt=\"\" class=\"wp-image-122313\" width=\"574\" height=\"702\" srcset=\"https:\/\/corrientesdetarde.com\/wp-content\/uploads\/2024\/01\/1706724886427-837x1024.jpg 837w, https:\/\/corrientesdetarde.com\/wp-content\/uploads\/2024\/01\/1706724886427-245x300.jpg 245w, https:\/\/corrientesdetarde.com\/wp-content\/uploads\/2024\/01\/1706724886427-768x939.jpg 768w, https:\/\/corrientesdetarde.com\/wp-content\/uploads\/2024\/01\/1706724886427.jpg 1080w\" sizes=\"auto, (max-width: 574px) 100vw, 574px\" \/><\/figure>\n\n\n\n<h2 class=\"wp-block-heading\">Las idas y vueltas por la coparticipaci\u00f3n del Impuesto PAIS<\/h2>\n\n\n\n<p>El vocero presidencial,\u00a0<strong>Manuel Adorni<\/strong>, ratific\u00f3 este martes que el Gobierno no coparticipar\u00e1 con las provincias el Impuesto <strong>PAIS y asegur\u00f3 que &#8220;jam\u00e1s se puso en discusi\u00f3n&#8221;<\/strong>\u00a0el reparto de ese tributo durante una reuni\u00f3n mantenida ayer con gobernadores y dirigentes de la oposici\u00f3n, algo que los gobernadores desmienten.<\/p>\n\n\n\n<p>&#8220;Jam\u00e1s existi\u00f3 en la conversaci\u00f3n la coparticipaci\u00f3n del impuesto PAIS&#8221;, asegur\u00f3 Adorni en su habitual conferencia de prensa desde Casa Rosada.<\/p>\n\n\n\n<p>Tal como lo hab\u00eda hecho anoche la Oficina del Presidente, el Gobierno desestim\u00f3 as\u00ed que se hubiera comprometido con un grupo de gobernadores coparticipar los fondos obtenidos por el tributo, que tiene una al\u00edcuota del 30% sobre las transacciones con moneda extranjera en el mercado minorista.<\/p>\n\n\n\n<p>Esa versi\u00f3n surgi\u00f3 tras la reuni\u00f3n que gobernadores de Juntos por el Cambio y diputados de bloques opositores dialoguistas tuvieron el lunes con funcionarios del Gobierno nacional, entre ellos el ministro del Interior,&nbsp;<strong>Guillermo Francos<\/strong>, para encontrar acuerdos ante el debate del proyecto de ley &#8220;Bases&#8221; en Diputados.<\/p>\n\n\n\n<p>Adorni indic\u00f3 que antes de la conferencia de prensa se hab\u00eda reunido con el ministro Francos para evaluar el resultado del encuentro con los gobernadores.<\/p>\n\n\n\n<p>&#8220;Lo que los medios (de comunicaci\u00f3n) levantaron del impuesto PAIS, no solo que no se habl\u00f3 en la reuni\u00f3n, sino que no est\u00e1 en discusi\u00f3n. Fueron versiones que, por alguna misteriosa raz\u00f3n, llegaron a los medios y que revisten de total falsedad&#8221;, asegur\u00f3.<\/p>\n","protected":false},"excerpt":{"rendered":"<p>El extitular de la AFIP le reclam\u00f3 al gobernador de Entre R\u00edos que \u00e9l y los diputados nacionales de la provincia reclamen la coparticipaci\u00f3n del Impuesto PAIS. Guillermo Michel&nbsp;us\u00f3 sus&hellip; <\/p>\n","protected":false},"author":8,"featured_media":122312,"comment_status":"closed","ping_status":"open","sticky":false,"template":"","format":"standard","meta":{"footnotes":""},"categories":[3],"tags":[],"class_list":["post-122310","post","type-post","status-publish","format-standard","has-post-thumbnail","hentry","category-politica"],"_links":{"self":[{"href":"https:\/\/corrientesdetarde.com\/index.php\/wp-json\/wp\/v2\/posts\/122310","targetHints":{"allow":["GET"]}}],"collection":[{"href":"https:\/\/corrientesdetarde.com\/index.php\/wp-json\/wp\/v2\/posts"}],"about":[{"href":"https:\/\/corrientesdetarde.com\/index.php\/wp-json\/wp\/v2\/types\/post"}],"author":[{"embeddable":true,"href":"https:\/\/corrientesdetarde.com\/index.php\/wp-json\/wp\/v2\/users\/8"}],"replies":[{"embeddable":true,"href":"https:\/\/corrientesdetarde.com\/index.php\/wp-json\/wp\/v2\/comments?post=122310"}],"version-history":[{"count":1,"href":"https:\/\/corrientesdetarde.com\/index.php\/wp-json\/wp\/v2\/posts\/122310\/revisions"}],"predecessor-version":[{"id":122315,"href":"https:\/\/corrientesdetarde.com\/index.php\/wp-json\/wp\/v2\/posts\/122310\/revisions\/122315"}],"wp:featuredmedia":[{"embeddable":true,"href":"https:\/\/corrientesdetarde.com\/index.php\/wp-json\/wp\/v2\/media\/122312"}],"wp:attachment":[{"href":"https:\/\/corrientesdetarde.com\/index.php\/wp-json\/wp\/v2\/media?parent=122310"}],"wp:term":[{"taxonomy":"category","embeddable":true,"href":"https:\/\/corrientesdetarde.com\/index.php\/wp-json\/wp\/v2\/categories?post=122310"},{"taxonomy":"post_tag","embeddable":true,"href":"https:\/\/corrientesdetarde.com\/index.php\/wp-json\/wp\/v2\/tags?post=122310"}],"curies":[{"name":"wp","href":"https:\/\/api.w.org\/{rel}","templated":true}]}}