{"id":122432,"date":"2024-02-01T09:21:22","date_gmt":"2024-02-01T12:21:22","guid":{"rendered":"https:\/\/corrientesdetarde.com\/?p=122432"},"modified":"2024-02-01T09:25:06","modified_gmt":"2024-02-01T12:25:06","slug":"ley-omnibus-diputados-va-por-la-segunda-jornada-de-debate-tras-el-cuarto-intermedio","status":"publish","type":"post","link":"https:\/\/corrientesdetarde.com\/index.php\/politica\/ley-omnibus-diputados-va-por-la-segunda-jornada-de-debate-tras-el-cuarto-intermedio\/","title":{"rendered":"Ley \u00d3mnibus: Diputados va por la segunda jornada de debate tras el cuarto intermedio"},"content":{"rendered":"\n<p>La C\u00e1mara de Diputados iniciar\u00e1 esta tarde la segunda jornada de debate de la Ley \u00d3mnibus , luego de un intenso mi\u00e9rcoles de discursos y protestas fuera del Congreso y tras el cuarto intermedio acordado entre las bancadas.<\/p>\n\n\n\n<p>Pasadas las 21 del pasado mi\u00e9rcoles y a pedido del jefe de bloque de La Libertad Avanza, Oscar Zago, el recinto vot\u00f3 mayoritariamente en favor de un cuarto intermedio para congelar las disertaciones individuales hasta este jueves.<\/p>\n\n\n\n<p>De esta manera, los representantes volver\u00e1n a las 12 al Congreso para continuar la discusi\u00f3n del megaproyecto impulsado por el presidente Javier Milei.<\/p>\n\n\n\n<p>La actividad hab\u00eda comenzado pasadas las 10 y se extendi\u00f3 hasta poco antes de las 22.<\/p>\n\n\n\n<p>La idea de flexibilizar la sesi\u00f3n merode\u00f3 durante todo el d\u00eda en los pasillos del Palacio Legislativo, pero su confirmaci\u00f3n lleg\u00f3 reci\u00e9n minutos antes de la propuesta en el recinto.&nbsp;<\/p>\n\n\n\n<p>Esta decisi\u00f3n del oficialismo vuelve a sembrar incertidumbre con respecto al qu\u00f3rum.<\/p>\n\n\n\n<p>Este jueves deber\u00e1 contabilizar uno por uno a sus aliados para que la sesi\u00f3n no se caiga, aunque descartaron sorpresas y se mostraron confiados.<\/p>\n\n\n\n<p>La misma confianza mantienen en que el proyecto de Ley de Bases y Puntos de Partida para la Libertad de los Argentinos consiga luz verde.<\/p>\n\n\n\n<p>Sin embargo, la intriga se traslada a c\u00f3mo quedar\u00e1 el articulado luego de las correcciones que se le apliquen en la votaci\u00f3n en particular: cuando se vote art\u00edculo por art\u00edculo, el oficialismo podr\u00eda sufrir algunas derrotas.<\/p>\n\n\n\n<p>De no haber mayores divergencias, La Libertad Avanza se encamina a conseguir este jueves la aprobaci\u00f3n general.&nbsp;<\/p>\n","protected":false},"excerpt":{"rendered":"<p>La C\u00e1mara de Diputados iniciar\u00e1 esta tarde la segunda jornada de debate de la Ley \u00d3mnibus , luego de un intenso mi\u00e9rcoles de discursos y protestas fuera del Congreso y&hellip; <\/p>\n","protected":false},"author":12,"featured_media":122446,"comment_status":"closed","ping_status":"open","sticky":false,"template":"","format":"standard","meta":{"footnotes":""},"categories":[3],"tags":[],"class_list":["post-122432","post","type-post","status-publish","format-standard","has-post-thumbnail","hentry","category-politica"],"_links":{"self":[{"href":"https:\/\/corrientesdetarde.com\/index.php\/wp-json\/wp\/v2\/posts\/122432","targetHints":{"allow":["GET"]}}],"collection":[{"href":"https:\/\/corrientesdetarde.com\/index.php\/wp-json\/wp\/v2\/posts"}],"about":[{"href":"https:\/\/corrientesdetarde.com\/index.php\/wp-json\/wp\/v2\/types\/post"}],"author":[{"embeddable":true,"href":"https:\/\/corrientesdetarde.com\/index.php\/wp-json\/wp\/v2\/users\/12"}],"replies":[{"embeddable":true,"href":"https:\/\/corrientesdetarde.com\/index.php\/wp-json\/wp\/v2\/comments?post=122432"}],"version-history":[{"count":2,"href":"https:\/\/corrientesdetarde.com\/index.php\/wp-json\/wp\/v2\/posts\/122432\/revisions"}],"predecessor-version":[{"id":122451,"href":"https:\/\/corrientesdetarde.com\/index.php\/wp-json\/wp\/v2\/posts\/122432\/revisions\/122451"}],"wp:featuredmedia":[{"embeddable":true,"href":"https:\/\/corrientesdetarde.com\/index.php\/wp-json\/wp\/v2\/media\/122446"}],"wp:attachment":[{"href":"https:\/\/corrientesdetarde.com\/index.php\/wp-json\/wp\/v2\/media?parent=122432"}],"wp:term":[{"taxonomy":"category","embeddable":true,"href":"https:\/\/corrientesdetarde.com\/index.php\/wp-json\/wp\/v2\/categories?post=122432"},{"taxonomy":"post_tag","embeddable":true,"href":"https:\/\/corrientesdetarde.com\/index.php\/wp-json\/wp\/v2\/tags?post=122432"}],"curies":[{"name":"wp","href":"https:\/\/api.w.org\/{rel}","templated":true}]}}