{"id":12246,"date":"2022-10-18T13:58:23","date_gmt":"2022-10-18T16:58:23","guid":{"rendered":"https:\/\/corrientesdetarde.com\/?p=12246"},"modified":"2022-10-18T13:58:27","modified_gmt":"2022-10-18T16:58:27","slug":"corrientes-alertan-por-incendios-intencionales-en-basurales-y-activan-vigilancia-nocturna","status":"publish","type":"post","link":"https:\/\/corrientesdetarde.com\/index.php\/crimen-y-justicia\/corrientes-alertan-por-incendios-intencionales-en-basurales-y-activan-vigilancia-nocturna\/","title":{"rendered":"Corrientes: alertan por incendios intencionales en basurales y activan vigilancia nocturna"},"content":{"rendered":"\n<p>Creen que podr\u00edan ser vecinos que buscan sacar el cobre de algunos elementos y advierten del peligro del fuego en estos espacios de dep\u00f3sito.\u00a0\u00a0<\/p>\n\n\n\n<p>Lo confirm\u00f3 Enzo&nbsp;Fratti, director de Medioambiente de Esquina, y detall\u00f3 que las pilas de basuras no logran apagarse por los materiales acumulados. Se hab\u00edan encendido el viernes y al cierre de esta edici\u00f3n lograron frenar el fuego y vigilaban las cenizas.&nbsp;<\/p>\n\n\n\n<p>El director de Medioambiente&nbsp;se\u00f1al\u00f3 ayer que en el basural ubicado en el barrio Santa Liberada de esa localidad se hab\u00eda originado un incendio el viernes.&nbsp;<\/p>\n\n\n\n<p>\u201cSon de manera intencional; yo no&nbsp;s\u00e9&nbsp;si lo hacen en&nbsp;broma, para prender fuego\u201d, sostuvo a TN Esquina. \u201cNo&nbsp;s\u00e9&nbsp;si son chicos o son grandes. Muchas veces vemos que queman por el cable, por el cobre, para sacarle ese pl\u00e1stico y agarrar lo que es el cobre, el material de adentro\u201d, asegur\u00f3.&nbsp;<\/p>\n\n\n\n<p>Sin embargo, indic\u00f3 que hace&nbsp;tres meses dialogaron con las personas que se dedican a esto y lo resolvieron pero desconocen qu\u00e9 sucede en esta oportunidad. \u201cM\u00e1s&nbsp;que nada porque una vez que prenden es muy dif\u00edcil apagarlo y tenemos que trabajar de d\u00eda no de noche, y nos lleva dos d\u00edas hasta que lo podemos solucionar y apagar todo\u201d, indic\u00f3.<\/p>\n\n\n\n<p>El incendio que se origin\u00f3 el viernes ya logr\u00f3 controlarse en su mayor\u00eda. \u201cLo que no nos&nbsp;est\u00e1&nbsp;ayudando es el viento, que&nbsp;est\u00e1&nbsp;muy fuerte. Es un viento sur, son casi 100&nbsp;metros&nbsp;en los que ya no hay fuego, solo humo\u201d, explic\u00f3 Fratti.&nbsp;<\/p>\n\n\n\n<p>\u201cAhora queda trabajar con agua y con la&nbsp;m\u00e1quina&nbsp;para ayudar a los bomberos porque las pilas son de metro y medio de altura, entonces la&nbsp;m\u00e1quina&nbsp;ayuda con la garra y ah\u00ed pueden los bomberos actuar con agua entonces apagamos\u201d, sumamos.&nbsp;<\/p>\n\n\n\n<p>Debido a estos incendios el Director de Medioambiente tom\u00f3 la determinaci\u00f3n de colocar una guardia los fines de semana que se quede en el lugar y pueda controlar el desarrollo de estos focos \u00edgneos. \u201cUna vez que tengamos la garita vamos a contar con un personal el fin de semana que se rote 24&nbsp;horas, eso&nbsp;ser\u00eda&nbsp;lo ideal, porque luz ya tenemos. En el lugar donde vamos a hacer la garita ya hay luz, as\u00ed que faltar\u00eda la parte de la construcci\u00f3n y una vez que est\u00e9 la construcci\u00f3n y las comodidades para las personas que puedan trabajar, que sean dos tres, que recorran\u201d, explic\u00f3. \u201cEl predio es muy grande, pero&nbsp;que hagan guardias, y que por lo menos nos avisen a tiempo, cosa que no se expanda, ese&nbsp;ser\u00eda&nbsp;nuestro fuerte\u201d, sostuvo.&nbsp;<\/p>\n\n\n\n<p>En tanto, el director cont\u00f3 que capacitar\u00e1n a vecinos de la zona para colaborar en los incendios del verano. \u201cNo empezamos la capacitaci\u00f3n porque todav\u00eda no nos&nbsp;lleg\u00f3&nbsp;la motobomba para armar nuestro equipo de ataque contra el fuego. Es una motobomba importada y todav\u00eda no llega, as\u00ed que estamos a la espera de eso, de armar nuestra propia brigada municipal en estos casos\u201d, mencion\u00f3.&nbsp;<\/p>\n\n\n\n<p>Sobre el incendio en el basural, Fratti pidi\u00f3 paciencia a los vecinos. \u201cHasta que el incendio no est\u00e9 apagado totalmente no van a parar de realizarse trabajos en el lugar\u201d, cerr\u00f3 el funcionario municipal.&nbsp;<\/p>\n","protected":false},"excerpt":{"rendered":"<p>Creen que podr\u00edan ser vecinos que buscan sacar el cobre de algunos elementos y advierten del peligro del fuego en estos espacios de dep\u00f3sito.\u00a0\u00a0 Lo confirm\u00f3 Enzo&nbsp;Fratti, director de Medioambiente&hellip; <\/p>\n","protected":false},"author":4,"featured_media":12247,"comment_status":"closed","ping_status":"open","sticky":false,"template":"","format":"standard","meta":{"footnotes":""},"categories":[5],"tags":[],"class_list":["post-12246","post","type-post","status-publish","format-standard","has-post-thumbnail","hentry","category-crimen-y-justicia"],"_links":{"self":[{"href":"https:\/\/corrientesdetarde.com\/index.php\/wp-json\/wp\/v2\/posts\/12246","targetHints":{"allow":["GET"]}}],"collection":[{"href":"https:\/\/corrientesdetarde.com\/index.php\/wp-json\/wp\/v2\/posts"}],"about":[{"href":"https:\/\/corrientesdetarde.com\/index.php\/wp-json\/wp\/v2\/types\/post"}],"author":[{"embeddable":true,"href":"https:\/\/corrientesdetarde.com\/index.php\/wp-json\/wp\/v2\/users\/4"}],"replies":[{"embeddable":true,"href":"https:\/\/corrientesdetarde.com\/index.php\/wp-json\/wp\/v2\/comments?post=12246"}],"version-history":[{"count":1,"href":"https:\/\/corrientesdetarde.com\/index.php\/wp-json\/wp\/v2\/posts\/12246\/revisions"}],"predecessor-version":[{"id":12248,"href":"https:\/\/corrientesdetarde.com\/index.php\/wp-json\/wp\/v2\/posts\/12246\/revisions\/12248"}],"wp:featuredmedia":[{"embeddable":true,"href":"https:\/\/corrientesdetarde.com\/index.php\/wp-json\/wp\/v2\/media\/12247"}],"wp:attachment":[{"href":"https:\/\/corrientesdetarde.com\/index.php\/wp-json\/wp\/v2\/media?parent=12246"}],"wp:term":[{"taxonomy":"category","embeddable":true,"href":"https:\/\/corrientesdetarde.com\/index.php\/wp-json\/wp\/v2\/categories?post=12246"},{"taxonomy":"post_tag","embeddable":true,"href":"https:\/\/corrientesdetarde.com\/index.php\/wp-json\/wp\/v2\/tags?post=12246"}],"curies":[{"name":"wp","href":"https:\/\/api.w.org\/{rel}","templated":true}]}}