{"id":122496,"date":"2024-02-01T11:25:38","date_gmt":"2024-02-01T14:25:38","guid":{"rendered":"https:\/\/corrientesdetarde.com\/?p=122496"},"modified":"2024-02-01T11:26:24","modified_gmt":"2024-02-01T14:26:24","slug":"que-dijo-patricia-bullrich-sobre-el-gendarme-que-tenia-un-escudo-libertario-en-el-chaleco","status":"publish","type":"post","link":"https:\/\/corrientesdetarde.com\/index.php\/politica\/que-dijo-patricia-bullrich-sobre-el-gendarme-que-tenia-un-escudo-libertario-en-el-chaleco\/","title":{"rendered":"Qu\u00e9 dijo Patricia Bullrich sobre el gendarme que ten\u00eda un escudo libertario en el chaleco"},"content":{"rendered":"\n<p>Esta ma\u00f1ana, la ministra de Seguridad de la Naci\u00f3n,\u00a0<strong>Patricia Bullrich<\/strong>,\u00a0se refiri\u00f3 a los incidientes y enfrentamientos que se registraron ayer por la tarde\u00a0frente al Congreso de la Naci\u00f3n entre los manifestantes y la Polic\u00eda, mientras se trataba la Ley \u00d3mnibus.<\/p>\n\n\n\n<p>\u201c<strong>Hab\u00eda una marcha ordenada<\/strong>\u00a0hasta que en un determinado momento, a prop\u00f3sito porque ten\u00edan lugar en la plaza,\u00a0<strong>decidieron salir a copar la calle con el objetivo de que la gente no volviese tranquila a la casa<\/strong>\u201d, indic\u00f3 la ministra.<\/p>\n\n\n\n<p><strong>\u201cSe actu\u00f3 de acuerdo al protocolo existente\u201d<\/strong>, agreg\u00f3 Bullrich, que precis\u00f3 que durante la jornada del jueves volver\u00e1 a haber comando unificado para evitar nuevos episodios de violencia.<\/p>\n\n\n\n<p>La ministra tambi\u00e9n fue consultada por&nbsp;<strong>una pol\u00e9mica imagen que qued\u00f3 registrada durante la marcha<\/strong>, difundida y viralizada en las redes sociales, en la que se distingue a un gendarme con un parche de la<strong>&nbsp;bandera de Gadsden<\/strong>&nbsp;adherida a su chaleco.<\/p>\n\n\n\n<figure class=\"wp-block-image\"><img decoding=\"async\" src=\"https:\/\/tn.com.ar\/resizer\/K4FPUxr5rXf0oIUvjMKdnQ-UBMM=\/767x0\/smart\/filters:format(webp)\/cloudfront-us-east-1.images.arcpublishing.com\/artear\/WPY65QU355DV3LV55P5KRJYNWM.jpeg\" alt=\"El tuit de la diputada nacional Myriam Bregman (Captura: X @myriambregman).\"\/><figcaption>El tuit de la diputada nacional Myriam Bregman (Captura: X @myriambregman).<\/figcaption><\/figure>\n\n\n\n<p>Llevar estos distintivos&nbsp;<strong>est\u00e1n prohibido para las fuerzas de seguridad.<\/strong>&nbsp;En este caso, el s\u00edmbolo que presenta el gendarme es de origen estadounidense, tiene una serpiente cascabel junto a una frase en ingl\u00e9s: \u201c<em><strong>Don\u2019t tread on me (No me pises)\u201d.<\/strong><\/em><\/p>\n\n\n\n<p><strong>\u201cCualquier miembro de la fuerza que tenga un distintivo que no pertenezca a la fuerza y que sea partidario tiene una actuaci\u00f3n administrativa\u201d<\/strong>, fue la \u00fanica respuesta que brind\u00f3 Bullrich sobre este tema.<\/p>\n\n\n\n<p>La diputada nacional Myriam Bregman comparti\u00f3 la imagen en sus redes y expres\u00f3:&nbsp;<strong>\u201cLos gendarmes que trae Bullrich se identifican con las fuerzas del cielo. Pat\u00e9tico\u201d.<\/strong><\/p>\n","protected":false},"excerpt":{"rendered":"<p>Esta ma\u00f1ana, la ministra de Seguridad de la Naci\u00f3n,\u00a0Patricia Bullrich,\u00a0se refiri\u00f3 a los incidientes y enfrentamientos que se registraron ayer por la tarde\u00a0frente al Congreso de la Naci\u00f3n entre los&hellip; <\/p>\n","protected":false},"author":12,"featured_media":122515,"comment_status":"closed","ping_status":"open","sticky":false,"template":"","format":"standard","meta":{"footnotes":""},"categories":[3],"tags":[],"class_list":["post-122496","post","type-post","status-publish","format-standard","has-post-thumbnail","hentry","category-politica"],"_links":{"self":[{"href":"https:\/\/corrientesdetarde.com\/index.php\/wp-json\/wp\/v2\/posts\/122496","targetHints":{"allow":["GET"]}}],"collection":[{"href":"https:\/\/corrientesdetarde.com\/index.php\/wp-json\/wp\/v2\/posts"}],"about":[{"href":"https:\/\/corrientesdetarde.com\/index.php\/wp-json\/wp\/v2\/types\/post"}],"author":[{"embeddable":true,"href":"https:\/\/corrientesdetarde.com\/index.php\/wp-json\/wp\/v2\/users\/12"}],"replies":[{"embeddable":true,"href":"https:\/\/corrientesdetarde.com\/index.php\/wp-json\/wp\/v2\/comments?post=122496"}],"version-history":[{"count":2,"href":"https:\/\/corrientesdetarde.com\/index.php\/wp-json\/wp\/v2\/posts\/122496\/revisions"}],"predecessor-version":[{"id":122518,"href":"https:\/\/corrientesdetarde.com\/index.php\/wp-json\/wp\/v2\/posts\/122496\/revisions\/122518"}],"wp:featuredmedia":[{"embeddable":true,"href":"https:\/\/corrientesdetarde.com\/index.php\/wp-json\/wp\/v2\/media\/122515"}],"wp:attachment":[{"href":"https:\/\/corrientesdetarde.com\/index.php\/wp-json\/wp\/v2\/media?parent=122496"}],"wp:term":[{"taxonomy":"category","embeddable":true,"href":"https:\/\/corrientesdetarde.com\/index.php\/wp-json\/wp\/v2\/categories?post=122496"},{"taxonomy":"post_tag","embeddable":true,"href":"https:\/\/corrientesdetarde.com\/index.php\/wp-json\/wp\/v2\/tags?post=122496"}],"curies":[{"name":"wp","href":"https:\/\/api.w.org\/{rel}","templated":true}]}}