{"id":122548,"date":"2024-02-01T13:35:21","date_gmt":"2024-02-01T16:35:21","guid":{"rendered":"https:\/\/corrientesdetarde.com\/?p=122548"},"modified":"2024-02-01T13:36:09","modified_gmt":"2024-02-01T16:36:09","slug":"el-fuerte-mensaje-de-milei-que-tensa-el-dialogo-con-los-bloques-aliados-por-la-ley-omnnibus","status":"publish","type":"post","link":"https:\/\/corrientesdetarde.com\/index.php\/nacionales\/el-fuerte-mensaje-de-milei-que-tensa-el-dialogo-con-los-bloques-aliados-por-la-ley-omnnibus\/","title":{"rendered":"El fuerte mensaje de Milei que tensa el di\u00e1logo con los bloques aliados por la Ley \u00d3mnnibus"},"content":{"rendered":"\n<p>El Presidente encabez\u00f3 la reuni\u00f3n de Gabinete y les dej\u00f3 en claro a sus ministros que no ceder\u00e1 en los art\u00edculos que complican la aprobaci\u00f3n del paquete de reformas.<\/p>\n\n\n\n<p><a href=\"https:\/\/tn.com.ar\/autor\/Isalerno\/\"><\/a>\u201c<strong>Se pierde o se gana, pero la ley no se toca. Que se vote y se termine esta novela<\/strong>\u201d, le dijo\u00a0Javier Milei a sus ministros en la reuni\u00f3n de Gabinete de hoy. Esto le suma tensi\u00f3n al di\u00e1logo con que mantiene el oficialismo con los bloques aliados que ofrecen modificaciones para la Ley \u00d3mnibus.<\/p>\n\n\n\n<p>Seg\u00fan pudo saber\u00a0,\u00a0<strong>el Gobierno est\u00e1 decidido a no ceder en los art\u00edculos que complican la aprobaci\u00f3n espec\u00edfica del paquete<\/strong>, como lo son la privatizaci\u00f3n de empresas p\u00fablicas, la delegaci\u00f3n de facultades y la toma de deuda en moneda extranjera.<\/p>\n\n\n\n<p>En Casa Rosada&nbsp;<strong>mantienen que el paquete ya tuvo varios recortes<\/strong>, como el cap\u00edtulo fiscal y la reforma electoral, y repiten que \u201cdejar\u00eda de tener sentido\u201d si sufre m\u00e1s cambios. Es por eso que rechazan adherir a propuestas de los bloques aliados.<\/p>\n\n\n\n<p>Mientras que La Libertad Avanza se asegur\u00f3 el qu\u00f3rum y la aprobaci\u00f3n general de la ley con el apoyo de los jefes de los bloques de Hacemos Coalici\u00f3n Federal, Miguel \u00c1ngel Pichetto, UCR, Rodrigo de Loredo, y PRO, Cristian Ritondo,&nbsp;<strong>no tienen las adhesiones para el tratado de art\u00edculo por art\u00edculo<\/strong>.<\/p>\n\n\n\n<figure class=\"wp-block-image\"><img decoding=\"async\" src=\"https:\/\/tn.com.ar\/resizer\/WDYBttE0eHyJYwfndLAzgD6-8yU=\/767x0\/smart\/filters:format(webp)\/cloudfront-us-east-1.images.arcpublishing.com\/artear\/O7WGZ4RNCBGC7GWRYF2B54ZBY4.jpg\" alt=\"Tras un cuarto intermedio, se retom\u00f3 el tratado de la Ley \u00d3mnibus en Diputados (Foto: NA).\"\/><\/figure>\n\n\n\n<p><strong>Los bloques afines al Gobierno presentaron alternativas<\/strong>, pero hasta el momento no hubo consenso ni se\u00f1ales de retroceso del oficialismo. Tanto la UCR como HCF ofrecieron quitar empresas de la lista y darle poder y centralidad en el proceso a la comisi\u00f3n bicameral de la Reforma del Estado y Seguimiento de las Privatizaciones.<\/p>\n\n\n\n<p>Al respecto, el diputado de HCF Nicol\u00e1s Massot le expres\u00f3 : \u201cLas empresas tienen perspectivas distintas para cada diputado.\u00a0<strong>Nosotros creemos que el centro de la cuesti\u00f3n pasa por el control del proceso por el Congreso para evitar los errores de los 90: que se genere monopolio<\/strong>\u00a0y se privaticen empresas a precios viles\u201d.<\/p>\n\n\n\n<p>Previo a la sesi\u00f3n en el recinto, los jefes de las bancadas aliados se reunieron con el presidente de la C\u00e1mara de Diputados, Mart\u00edn Menem, para llegar a un consenso, pero no hubo acuerdo. Se espera que hoy est\u00e9 la aprobaci\u00f3n general del proyecto.<\/p>\n\n\n\n<p>En la c\u00fapula del Gobierno se muestran esc\u00e9pticos y<strong>\u00a0mantienen la postura de no realizar cambios y derivar la presi\u00f3n social a los legisladores heridos de Juntos por el Cambio<\/strong>. \u201cA nosotros nos votaron y ganamos las elecciones. Se tienen que animar en contra del pueblo si nos quieren frenar las propuestas\u201d, expres\u00f3 <strong>\u00a0<\/strong>un alto funcionario.<\/p>\n\n\n\n<figure class=\"wp-block-image\"><img decoding=\"async\" src=\"https:\/\/tn.com.ar\/resizer\/V1tmZst4L1B9uZF9ZKvOZMSZWxY=\/767x0\/smart\/filters:format(webp)\/cloudfront-us-east-1.images.arcpublishing.com\/artear\/PGOJZV2ND5EQBJ6BLSDN6SCGWI.jpg\" alt=\"Tratamiento de la Ley \u00d3mnibus en la C\u00e1mara de Diputados. Presidente de la C\u00e1mara Baja, Mart\u00edn Menem. (Foto NA: MARCELO CAPECE)\"\/><\/figure>\n","protected":false},"excerpt":{"rendered":"<p>El Presidente encabez\u00f3 la reuni\u00f3n de Gabinete y les dej\u00f3 en claro a sus ministros que no ceder\u00e1 en los art\u00edculos que complican la aprobaci\u00f3n del paquete de reformas. \u201cSe&hellip; <\/p>\n","protected":false},"author":8,"featured_media":122551,"comment_status":"closed","ping_status":"open","sticky":false,"template":"","format":"standard","meta":{"footnotes":""},"categories":[10],"tags":[],"class_list":["post-122548","post","type-post","status-publish","format-standard","has-post-thumbnail","hentry","category-nacionales"],"_links":{"self":[{"href":"https:\/\/corrientesdetarde.com\/index.php\/wp-json\/wp\/v2\/posts\/122548","targetHints":{"allow":["GET"]}}],"collection":[{"href":"https:\/\/corrientesdetarde.com\/index.php\/wp-json\/wp\/v2\/posts"}],"about":[{"href":"https:\/\/corrientesdetarde.com\/index.php\/wp-json\/wp\/v2\/types\/post"}],"author":[{"embeddable":true,"href":"https:\/\/corrientesdetarde.com\/index.php\/wp-json\/wp\/v2\/users\/8"}],"replies":[{"embeddable":true,"href":"https:\/\/corrientesdetarde.com\/index.php\/wp-json\/wp\/v2\/comments?post=122548"}],"version-history":[{"count":1,"href":"https:\/\/corrientesdetarde.com\/index.php\/wp-json\/wp\/v2\/posts\/122548\/revisions"}],"predecessor-version":[{"id":122552,"href":"https:\/\/corrientesdetarde.com\/index.php\/wp-json\/wp\/v2\/posts\/122548\/revisions\/122552"}],"wp:featuredmedia":[{"embeddable":true,"href":"https:\/\/corrientesdetarde.com\/index.php\/wp-json\/wp\/v2\/media\/122551"}],"wp:attachment":[{"href":"https:\/\/corrientesdetarde.com\/index.php\/wp-json\/wp\/v2\/media?parent=122548"}],"wp:term":[{"taxonomy":"category","embeddable":true,"href":"https:\/\/corrientesdetarde.com\/index.php\/wp-json\/wp\/v2\/categories?post=122548"},{"taxonomy":"post_tag","embeddable":true,"href":"https:\/\/corrientesdetarde.com\/index.php\/wp-json\/wp\/v2\/tags?post=122548"}],"curies":[{"name":"wp","href":"https:\/\/api.w.org\/{rel}","templated":true}]}}