{"id":122591,"date":"2024-02-01T15:32:22","date_gmt":"2024-02-01T18:32:22","guid":{"rendered":"https:\/\/corrientesdetarde.com\/?p=122591"},"modified":"2024-02-01T15:32:33","modified_gmt":"2024-02-01T18:32:33","slug":"senado-jose-mayans-le-reclamo-una-audiencia-publica-a-victoria-villarruel","status":"publish","type":"post","link":"https:\/\/corrientesdetarde.com\/index.php\/nacionales\/senado-jose-mayans-le-reclamo-una-audiencia-publica-a-victoria-villarruel\/","title":{"rendered":"Senado: Jos\u00e9 Mayans le reclam\u00f3 una audiencia p\u00fablica a Victoria Villarruel"},"content":{"rendered":"\n<p>El jefe del bloque de Uni\u00f3n por la Patria en el Senado le recrimin\u00f3 a la titular de la C\u00e1mara alta que no haya convocado a una sesi\u00f3n especial.<\/p>\n\n\n\n<p>El&nbsp;<strong>jefe del bloque de senadores de Uni\u00f3n por la Patria (UxP), Jos\u00e9 Mayans, le reclam\u00f3 este jueves a la vicepresidenta Victoria Villarruel que convoque a sesi\u00f3n especial para tratar el DNU 70\/2023<\/strong>&nbsp;dictado por el Poder Ejecutivo porque es &#8220;su obligaci\u00f3n&#8221;.<\/p>\n\n\n\n<p>&#8220;Quer\u00edamos audiencia publica y que fuera transmitido al pa\u00eds, que vengan funcionarios responsables y que explicaran lo que quer\u00edan hacer con cada cosa.\u00a0<strong>Eso no pas\u00f3 porque no quieren debate p\u00fablico, porque no quieren que funcionarios informen<\/strong>&#8220;, expres\u00f3 Jos\u00e9 Mayans este jueves al canal\u00a0<em>C5N.<\/em><\/p>\n\n\n\n<p>&#8220;Al no pasar por la bicameral, desde el 22 de enero quedaron ambas c\u00e1maras habilitadas para su tratamiento en el recinto.&nbsp;<strong>El 25 de enero hicimos el pedido formal para que la presidenta del Senado Villarruel llame a sesi\u00f3n p\u00fablica formal para hoy<\/strong>&#8220;, manifest\u00f3 Mayans, pero &#8220;hasta ayer&#8221; el bloque opositor del Senado esper\u00f3 en vano.<\/p>\n\n\n\n<p>&#8220;<strong>La vicepresidenta tiene la obligaci\u00f3n de convocar a sesi\u00f3n para tratar el DNU<\/strong>. No tiene que hacer una interpretaci\u00f3n porque ella es parte del Poder Ejecutivo y como Vicepresidenta de la Naci\u00f3n preside el cuerpo, pero para garantizar la imparcialidad del hecho&#8221;, sostuvo el jefe del bloque de senadores de Uni\u00f3n por la Patria.<\/p>\n\n\n\n<p>Mayans hizo referencia al pedido efectuado por su bloque para tratar ma\u00f1ana el DNU en una sesi\u00f3n especial de la C\u00e1mara alta, pero que a\u00fan no ha sido convocada formalmente por Victoria Villarruel en calidad de presidenta del Senado.<\/p>\n\n\n\n<p>&#8220;Cinco senadores est\u00e1n pidiendo al cuerpo poder reunirse por un tema central como es el tratamiento del DNU, una norma que no puede ser modificada, es por s\u00ed o por no&#8221;, insisti\u00f3 Mayans, e indic\u00f3 que &#8220;el tema del qu\u00f3rum es otro problema, qui\u00e9n asiste y qui\u00e9n no es otra cosa&#8221;.<\/p>\n\n\n\n<p>&#8220;Nosotros estamos dispuestos a tratar todas las leyes que pide el Gobierno pero no podemos hacer de un DNU un instrumento legal que deroga pr\u00e1cticamente 300 leyes&#8221;, remarc\u00f3.<\/p>\n\n\n\n<p>Adem\u00e1s, Mayans subray\u00f3 que el DNU &#8220;tiene serios cuestionamientos&#8221; y repas\u00f3 que &#8220;ya tiene fallos de la justicia que declaran la inconstitucionalidad de art\u00edculos sobre todo en lo referido a lo laboral&#8221;.<\/p>\n\n\n\n<p>El mi\u00e9rcoles de esta semana la C\u00e1mara Nacional del Trabajo declar\u00f3 la inconstitucionalidad de todos los art\u00edculos del cap\u00edtulo laboral contenido en el T\u00edtulo IV del DNU 70\/2023 a ra\u00edz de una presentaci\u00f3n realizada por la Confederaci\u00f3n General del Trabajo (CGT).<\/p>\n\n\n\n<p>Consultado sobre la situaci\u00f3n econ\u00f3mica actual, Mayans responsabiliz\u00f3 al Gobierno por llevar adelante &#8220;una devaluaci\u00f3n brutal que redujo el nivel salarial de todos los trabajadores&#8221; y la &#8220;liberaci\u00f3n de las importaciones que afecta a todo el sistema empresarial argentino, sobre todo a las pymes&#8221;.<\/p>\n\n\n\n<p>&#8220;Otro tema es la dolarizaci\u00f3n de los servicios \u00bfQu\u00e9 va a pasar cuando lleguen los servicios de luz, de agua? Va a ser realmente insoportable&#8221;, cuestion\u00f3. Y concluy\u00f3: &#8220;El programa econ\u00f3mico del gobierno es absolutamente inconsistente&#8221;.<\/p>\n","protected":false},"excerpt":{"rendered":"<p>El jefe del bloque de Uni\u00f3n por la Patria en el Senado le recrimin\u00f3 a la titular de la C\u00e1mara alta que no haya convocado a una sesi\u00f3n especial. El&nbsp;jefe&hellip; <\/p>\n","protected":false},"author":8,"featured_media":122593,"comment_status":"closed","ping_status":"open","sticky":false,"template":"","format":"standard","meta":{"footnotes":""},"categories":[10],"tags":[],"class_list":["post-122591","post","type-post","status-publish","format-standard","has-post-thumbnail","hentry","category-nacionales"],"_links":{"self":[{"href":"https:\/\/corrientesdetarde.com\/index.php\/wp-json\/wp\/v2\/posts\/122591","targetHints":{"allow":["GET"]}}],"collection":[{"href":"https:\/\/corrientesdetarde.com\/index.php\/wp-json\/wp\/v2\/posts"}],"about":[{"href":"https:\/\/corrientesdetarde.com\/index.php\/wp-json\/wp\/v2\/types\/post"}],"author":[{"embeddable":true,"href":"https:\/\/corrientesdetarde.com\/index.php\/wp-json\/wp\/v2\/users\/8"}],"replies":[{"embeddable":true,"href":"https:\/\/corrientesdetarde.com\/index.php\/wp-json\/wp\/v2\/comments?post=122591"}],"version-history":[{"count":1,"href":"https:\/\/corrientesdetarde.com\/index.php\/wp-json\/wp\/v2\/posts\/122591\/revisions"}],"predecessor-version":[{"id":122594,"href":"https:\/\/corrientesdetarde.com\/index.php\/wp-json\/wp\/v2\/posts\/122591\/revisions\/122594"}],"wp:featuredmedia":[{"embeddable":true,"href":"https:\/\/corrientesdetarde.com\/index.php\/wp-json\/wp\/v2\/media\/122593"}],"wp:attachment":[{"href":"https:\/\/corrientesdetarde.com\/index.php\/wp-json\/wp\/v2\/media?parent=122591"}],"wp:term":[{"taxonomy":"category","embeddable":true,"href":"https:\/\/corrientesdetarde.com\/index.php\/wp-json\/wp\/v2\/categories?post=122591"},{"taxonomy":"post_tag","embeddable":true,"href":"https:\/\/corrientesdetarde.com\/index.php\/wp-json\/wp\/v2\/tags?post=122591"}],"curies":[{"name":"wp","href":"https:\/\/api.w.org\/{rel}","templated":true}]}}