{"id":122599,"date":"2024-02-01T18:16:40","date_gmt":"2024-02-01T21:16:40","guid":{"rendered":"https:\/\/corrientesdetarde.com\/?p=122599"},"modified":"2024-02-01T18:16:45","modified_gmt":"2024-02-01T21:16:45","slug":"dialogo-cultural-braillard-poccard-recibio-a-pianista-reconocida-a-escala-internacional","status":"publish","type":"post","link":"https:\/\/corrientesdetarde.com\/index.php\/cultura\/dialogo-cultural-braillard-poccard-recibio-a-pianista-reconocida-a-escala-internacional\/","title":{"rendered":"DI\u00c1LOGO CULTURAL: Braillard Poccard recibi\u00f3 a pianista reconocida a escala internacional\u00a0"},"content":{"rendered":"\n<p><\/p>\n\n\n\n<p><\/p>\n\n\n\n<p>El vicegobernador Pedro Braillard Poccard mantuvo un encuentro en el Sal\u00f3n de Acuerdos de la Legislatura provincial, con la reconocida pianista a escala mundial, Edda Mar\u00eda Sangr\u00edgoli.<\/p>\n\n\n\n<p>En la oportunidad, dialogaron sobre la posibilidad de generar una propuesta art\u00edstica para Corrientes.<\/p>\n\n\n\n<p>Sangrigoli, nacida en Argentina, es tambi\u00e9n ciudadana francesa. Actualmente reside en Buenos Aires y est\u00e1 de visita en nuestra ciudad. En ese marco, fue recibida por el doctor Braillard Poccard, con quien comparti\u00f3 un intercambio sobre la m\u00fasica y la cultura.&nbsp;<\/p>\n\n\n\n<p>En el di\u00e1logo, acordaron realizar un concierto a cargo de la c\u00e9lebre pianista en conjunto con Vicegobernaci\u00f3n a trav\u00e9s del \u00e1rea cultural del Senado, por lo que tambi\u00e9n estuvo presente su directora, Nathalia Rodr\u00edguez y en conjunto con el Instituto de Cultura de la provincia.<\/p>\n\n\n\n<p>Una vez concluida la reuni\u00f3n, el Vicegobernador recorri\u00f3 el palacio legislativo con la artista, narrando la historia de la c\u00e1mara y detalles de su arquitectura.&nbsp;<\/p>\n\n\n\n<p>SOBRE EDDA MAR\u00cdA SANGR\u00cdGOLI&nbsp;<\/p>\n\n\n\n<p>Edda comenz\u00f3 a tocar el piano a los 4 a\u00f1os de edad, guiada por su padre, el maestro Humberto Sangrigoli. Al poco tiempo fue becada con el auspicio de la Comisi\u00f3n Nacional del Cultura. Es pianista, compositora y directora de orquesta Argentina.&nbsp;<\/p>\n\n\n\n<p>A los 14 a\u00f1os ofreci\u00f3 recitales y a los 17 actu\u00f3 como solista con orquesta. A los 18 fue ganadora del Concurso Nacional del Servicio Cultural Franc\u00e8s en Argentina, recibiendo una beca del gobierno de Francia para perfeccionarse en Par\u00eds.<\/p>\n\n\n\n<figure class=\"wp-block-image size-large\"><img loading=\"lazy\" decoding=\"async\" width=\"1024\" height=\"677\" src=\"https:\/\/corrientesdetarde.com\/wp-content\/uploads\/2024\/02\/image-25-1024x677.png\" alt=\"\" class=\"wp-image-122600\" srcset=\"https:\/\/corrientesdetarde.com\/wp-content\/uploads\/2024\/02\/image-25-1024x677.png 1024w, https:\/\/corrientesdetarde.com\/wp-content\/uploads\/2024\/02\/image-25-300x198.png 300w, https:\/\/corrientesdetarde.com\/wp-content\/uploads\/2024\/02\/image-25-768x508.png 768w, https:\/\/corrientesdetarde.com\/wp-content\/uploads\/2024\/02\/image-25.png 1042w\" sizes=\"auto, (max-width: 1024px) 100vw, 1024px\" \/><\/figure>\n\n\n\n<p>Edda Mar\u00eda Sangrigoli se presenta habitualmente en recitales en varios pa\u00edses, sobre todo en grandes centros musicales como Bonn, Roma, Dusseldorf, Paris o Buenos Aires (Teatro Col\u00f3n). Ha sido solista invitada de las orquestas m\u00e1s importantes de Argentina, como la Filarm\u00f3nica de Buenos Aires, Orquesta Estable del Teatro Col\u00f3n, Sinf\u00f3nica Nacional, Sinf\u00f3nicas de Rosario, Mar del Plata, Orquesta de la Universidad Tucum\u00e1n, La Plata, entre otras, abarcando un amplio repertorio que se extiende desde Mozart hasta Ginastera.<\/p>\n\n\n\n<figure class=\"wp-block-image size-large\"><img loading=\"lazy\" decoding=\"async\" width=\"1024\" height=\"675\" src=\"https:\/\/corrientesdetarde.com\/wp-content\/uploads\/2024\/02\/image-26-1024x675.png\" alt=\"\" class=\"wp-image-122601\" srcset=\"https:\/\/corrientesdetarde.com\/wp-content\/uploads\/2024\/02\/image-26-1024x675.png 1024w, https:\/\/corrientesdetarde.com\/wp-content\/uploads\/2024\/02\/image-26-300x198.png 300w, https:\/\/corrientesdetarde.com\/wp-content\/uploads\/2024\/02\/image-26-768x506.png 768w, https:\/\/corrientesdetarde.com\/wp-content\/uploads\/2024\/02\/image-26.png 1041w\" sizes=\"auto, (max-width: 1024px) 100vw, 1024px\" \/><\/figure>\n\n\n\n<p>Sus \u00e9xitos le valieron el premio de la Fundaci\u00f3n Singer-Polignac en Par\u00eds (1980), distinci\u00f3n propuesta por la c\u00e9lebre Nadia Boulanger. Posteriormente, estudi\u00f3 direcci\u00f3n de orquesta en la Julliard School de Nueva York y se gradu\u00f3 en la State University of New York, present\u00e1ndose como directora de orquesta con la Purchase Symphony Orchestra. Su actividad de compositora se desarroll\u00f3 en Paris, destac\u00e1ndose sus trabajos originales en diversos &#8220;Films d&#8217;Auteurs&#8221;.<\/p>\n","protected":false},"excerpt":{"rendered":"<p>El vicegobernador Pedro Braillard Poccard mantuvo un encuentro en el Sal\u00f3n de Acuerdos de la Legislatura provincial, con la reconocida pianista a escala mundial, Edda Mar\u00eda Sangr\u00edgoli. En la oportunidad,&hellip; <\/p>\n","protected":false},"author":12,"featured_media":122602,"comment_status":"closed","ping_status":"open","sticky":false,"template":"","format":"standard","meta":{"footnotes":""},"categories":[15,22],"tags":[],"class_list":["post-122599","post","type-post","status-publish","format-standard","has-post-thumbnail","hentry","category-cultura","category-eventos"],"_links":{"self":[{"href":"https:\/\/corrientesdetarde.com\/index.php\/wp-json\/wp\/v2\/posts\/122599","targetHints":{"allow":["GET"]}}],"collection":[{"href":"https:\/\/corrientesdetarde.com\/index.php\/wp-json\/wp\/v2\/posts"}],"about":[{"href":"https:\/\/corrientesdetarde.com\/index.php\/wp-json\/wp\/v2\/types\/post"}],"author":[{"embeddable":true,"href":"https:\/\/corrientesdetarde.com\/index.php\/wp-json\/wp\/v2\/users\/12"}],"replies":[{"embeddable":true,"href":"https:\/\/corrientesdetarde.com\/index.php\/wp-json\/wp\/v2\/comments?post=122599"}],"version-history":[{"count":1,"href":"https:\/\/corrientesdetarde.com\/index.php\/wp-json\/wp\/v2\/posts\/122599\/revisions"}],"predecessor-version":[{"id":122603,"href":"https:\/\/corrientesdetarde.com\/index.php\/wp-json\/wp\/v2\/posts\/122599\/revisions\/122603"}],"wp:featuredmedia":[{"embeddable":true,"href":"https:\/\/corrientesdetarde.com\/index.php\/wp-json\/wp\/v2\/media\/122602"}],"wp:attachment":[{"href":"https:\/\/corrientesdetarde.com\/index.php\/wp-json\/wp\/v2\/media?parent=122599"}],"wp:term":[{"taxonomy":"category","embeddable":true,"href":"https:\/\/corrientesdetarde.com\/index.php\/wp-json\/wp\/v2\/categories?post=122599"},{"taxonomy":"post_tag","embeddable":true,"href":"https:\/\/corrientesdetarde.com\/index.php\/wp-json\/wp\/v2\/tags?post=122599"}],"curies":[{"name":"wp","href":"https:\/\/api.w.org\/{rel}","templated":true}]}}