{"id":122606,"date":"2024-02-01T19:37:28","date_gmt":"2024-02-01T22:37:28","guid":{"rendered":"https:\/\/corrientesdetarde.com\/?p=122606"},"modified":"2024-02-02T10:41:36","modified_gmt":"2024-02-02T13:41:36","slug":"ultimo-momento-la-ucr-reclama-por-la-aparicion-de-una-militante-radical","status":"publish","type":"post","link":"https:\/\/corrientesdetarde.com\/index.php\/politica\/ultimo-momento-la-ucr-reclama-por-la-aparicion-de-una-militante-radical\/","title":{"rendered":"GRAVE: LA UCR RECLAMO POR LA APARICION DE UNA MILITANTE RADICAL Y BULLRICH LA LIBERO"},"content":{"rendered":"\n<p>(Corresponsal\u00eda Buenos Aires) &#8211; El Presidente de la UCR Mat\u00edn Lusteau denunci\u00f3 al ]Estado Nacional para que brinde informaci\u00f3n sobre el paradero de una dirigente del partido llamada Ivanna Bunge, que desde ayer por la noche nadie tiene noticias. La jovem hab\u00eda ido a manifestarse al Congreso contra la Ley Omnibus.<\/p>\n\n\n\n<p>Val alarar que durante el debate de la Ley \u00d3mnibus en la C\u00e1mara de Diputados que impulsa el presidente Javier Milei, la Polic\u00eda Federal detuvo a cuatro mujeres que protestaban.<\/p>\n\n\n\n<p>Los arrestos se produjeron cuando ya el debate legislativo hab\u00eda terminado. Una mujer cont\u00f3: \u201cMe sent\u00e9 en el piso a cantar el himno, por eso me agarran. \u00bfEsto es legal? Ni siquiera pertenezco a un partido pol\u00edtico, vine por mi cuenta\u201d.<\/p>\n\n\n\n<figure class=\"wp-block-image size-large\"><img loading=\"lazy\" decoding=\"async\" width=\"941\" height=\"1024\" src=\"https:\/\/corrientesdetarde.com\/wp-content\/uploads\/2024\/02\/WhatsApp-Image-2024-02-01-at-19.30.40-941x1024.jpeg\" alt=\"\" class=\"wp-image-122608\" srcset=\"https:\/\/corrientesdetarde.com\/wp-content\/uploads\/2024\/02\/WhatsApp-Image-2024-02-01-at-19.30.40-941x1024.jpeg 941w, https:\/\/corrientesdetarde.com\/wp-content\/uploads\/2024\/02\/WhatsApp-Image-2024-02-01-at-19.30.40-276x300.jpeg 276w, https:\/\/corrientesdetarde.com\/wp-content\/uploads\/2024\/02\/WhatsApp-Image-2024-02-01-at-19.30.40-768x836.jpeg 768w, https:\/\/corrientesdetarde.com\/wp-content\/uploads\/2024\/02\/WhatsApp-Image-2024-02-01-at-19.30.40.jpeg 1080w\" sizes=\"auto, (max-width: 941px) 100vw, 941px\" \/><\/figure>\n\n\n\n<p>El diputado nacional de Uni\u00f3n por la Patria Eduardo Toniolli intent\u00f3 mediar en ese momento por la liberaci\u00f3n de las mujeres, pero no lo dejaron acompa\u00f1arlas: \u201cSoy diputado de la Naci\u00f3n. Dejame entrar, yo voy con ellas\u201d.<\/p>\n","protected":false},"excerpt":{"rendered":"<p>(Corresponsal\u00eda Buenos Aires) &#8211; El Presidente de la UCR Mat\u00edn Lusteau denunci\u00f3 al ]Estado Nacional para que brinde informaci\u00f3n sobre el paradero de una dirigente del partido llamada Ivanna Bunge,&hellip; <\/p>\n","protected":false},"author":11,"featured_media":122607,"comment_status":"closed","ping_status":"open","sticky":false,"template":"","format":"standard","meta":{"footnotes":""},"categories":[26,3],"tags":[1534,1250],"class_list":["post-122606","post","type-post","status-publish","format-standard","has-post-thumbnail","hentry","category-destacados","category-politica","tag-desaparecida","tag-lusteau"],"_links":{"self":[{"href":"https:\/\/corrientesdetarde.com\/index.php\/wp-json\/wp\/v2\/posts\/122606","targetHints":{"allow":["GET"]}}],"collection":[{"href":"https:\/\/corrientesdetarde.com\/index.php\/wp-json\/wp\/v2\/posts"}],"about":[{"href":"https:\/\/corrientesdetarde.com\/index.php\/wp-json\/wp\/v2\/types\/post"}],"author":[{"embeddable":true,"href":"https:\/\/corrientesdetarde.com\/index.php\/wp-json\/wp\/v2\/users\/11"}],"replies":[{"embeddable":true,"href":"https:\/\/corrientesdetarde.com\/index.php\/wp-json\/wp\/v2\/comments?post=122606"}],"version-history":[{"count":2,"href":"https:\/\/corrientesdetarde.com\/index.php\/wp-json\/wp\/v2\/posts\/122606\/revisions"}],"predecessor-version":[{"id":122612,"href":"https:\/\/corrientesdetarde.com\/index.php\/wp-json\/wp\/v2\/posts\/122606\/revisions\/122612"}],"wp:featuredmedia":[{"embeddable":true,"href":"https:\/\/corrientesdetarde.com\/index.php\/wp-json\/wp\/v2\/media\/122607"}],"wp:attachment":[{"href":"https:\/\/corrientesdetarde.com\/index.php\/wp-json\/wp\/v2\/media?parent=122606"}],"wp:term":[{"taxonomy":"category","embeddable":true,"href":"https:\/\/corrientesdetarde.com\/index.php\/wp-json\/wp\/v2\/categories?post=122606"},{"taxonomy":"post_tag","embeddable":true,"href":"https:\/\/corrientesdetarde.com\/index.php\/wp-json\/wp\/v2\/tags?post=122606"}],"curies":[{"name":"wp","href":"https:\/\/api.w.org\/{rel}","templated":true}]}}