{"id":122610,"date":"2024-02-01T19:43:52","date_gmt":"2024-02-01T22:43:52","guid":{"rendered":"https:\/\/corrientesdetarde.com\/?p=122610"},"modified":"2024-02-01T19:44:05","modified_gmt":"2024-02-01T22:44:05","slug":"el-gobierno-apura-la-aprobacion-de-la-ley-omnibus","status":"publish","type":"post","link":"https:\/\/corrientesdetarde.com\/index.php\/politica\/el-gobierno-apura-la-aprobacion-de-la-ley-omnibus\/","title":{"rendered":"El Gobierno apura la aprobaci\u00f3n de la Ley \u00d3mnibus"},"content":{"rendered":"\n<p>(Juan Pablo Peralta) El presidente Javier Milei encabez\u00f3 otra reuni\u00f3n de Gabinete en Casa Rosada donde se trat\u00f3 en particular el tratamiento de la denominada &#8220;Ley de Bases&#8221;.<\/p>\n\n\n\n<figure class=\"wp-block-embed is-type-video is-provider-youtube wp-block-embed-youtube wp-embed-aspect-4-3 wp-has-aspect-ratio\"><div class=\"wp-block-embed__wrapper\">\n<iframe loading=\"lazy\" title=\"Casa rosada pendiente\" width=\"1110\" height=\"833\" src=\"https:\/\/www.youtube.com\/embed\/Mzc8wlQXWSQ?feature=oembed\" frameborder=\"0\" allow=\"accelerometer; autoplay; clipboard-write; encrypted-media; gyroscope; picture-in-picture; web-share\" allowfullscreen><\/iframe>\n<\/div><\/figure>\n\n\n\n<p>En su habitual conferencia de prensa, el vocero Manuel Ardorni, dio datos econ\u00f3micos y luego se refiri\u00f3 a la sesi\u00f3n de ayer en la C\u00e1mara baja, en la que dijo, &#8220;hubo un poco de todo&#8221; y aclar\u00f3 que la reuni\u00f3n entre el jefe de Estado y los gobernadores ser\u00e1 luego de la aprobaci\u00f3n de las medidas del oficialismo para tratar el nuevo pacto fiscal que se retir\u00f3 del proyecto que podr\u00eda tener media sansi\u00f3n en Diputados entre hoy y ma\u00f1ana.<\/p>\n","protected":false},"excerpt":{"rendered":"<p>(Juan Pablo Peralta) El presidente Javier Milei encabez\u00f3 otra reuni\u00f3n de Gabinete en Casa Rosada donde se trat\u00f3 en particular el tratamiento de la denominada &#8220;Ley de Bases&#8221;. En su&hellip; <\/p>\n","protected":false},"author":11,"featured_media":119950,"comment_status":"closed","ping_status":"open","sticky":false,"template":"","format":"standard","meta":{"footnotes":""},"categories":[3],"tags":[],"class_list":["post-122610","post","type-post","status-publish","format-standard","has-post-thumbnail","hentry","category-politica"],"_links":{"self":[{"href":"https:\/\/corrientesdetarde.com\/index.php\/wp-json\/wp\/v2\/posts\/122610","targetHints":{"allow":["GET"]}}],"collection":[{"href":"https:\/\/corrientesdetarde.com\/index.php\/wp-json\/wp\/v2\/posts"}],"about":[{"href":"https:\/\/corrientesdetarde.com\/index.php\/wp-json\/wp\/v2\/types\/post"}],"author":[{"embeddable":true,"href":"https:\/\/corrientesdetarde.com\/index.php\/wp-json\/wp\/v2\/users\/11"}],"replies":[{"embeddable":true,"href":"https:\/\/corrientesdetarde.com\/index.php\/wp-json\/wp\/v2\/comments?post=122610"}],"version-history":[{"count":1,"href":"https:\/\/corrientesdetarde.com\/index.php\/wp-json\/wp\/v2\/posts\/122610\/revisions"}],"predecessor-version":[{"id":122611,"href":"https:\/\/corrientesdetarde.com\/index.php\/wp-json\/wp\/v2\/posts\/122610\/revisions\/122611"}],"wp:featuredmedia":[{"embeddable":true,"href":"https:\/\/corrientesdetarde.com\/index.php\/wp-json\/wp\/v2\/media\/119950"}],"wp:attachment":[{"href":"https:\/\/corrientesdetarde.com\/index.php\/wp-json\/wp\/v2\/media?parent=122610"}],"wp:term":[{"taxonomy":"category","embeddable":true,"href":"https:\/\/corrientesdetarde.com\/index.php\/wp-json\/wp\/v2\/categories?post=122610"},{"taxonomy":"post_tag","embeddable":true,"href":"https:\/\/corrientesdetarde.com\/index.php\/wp-json\/wp\/v2\/tags?post=122610"}],"curies":[{"name":"wp","href":"https:\/\/api.w.org\/{rel}","templated":true}]}}