{"id":122819,"date":"2024-02-02T17:16:13","date_gmt":"2024-02-02T20:16:13","guid":{"rendered":"https:\/\/corrientesdetarde.com\/?p=122819"},"modified":"2024-02-02T17:16:14","modified_gmt":"2024-02-02T20:16:14","slug":"hay-294-casos-activos-de-dengue-piden-eliminar-los-criaderos","status":"publish","type":"post","link":"https:\/\/corrientesdetarde.com\/index.php\/bienestar-y-salud\/hay-294-casos-activos-de-dengue-piden-eliminar-los-criaderos\/","title":{"rendered":"hay 294 casos activos de dengue, piden eliminar los criaderos"},"content":{"rendered":"\n<p>El Ministerio de Salud&nbsp;inform\u00f3 este viernes que en Corrientes se registraron&nbsp;&nbsp;<strong>294 casos activos de dengue en la \u00faltima semana, de los cuales 151<\/strong>&nbsp; corresponden a capital provincial.&nbsp;<\/p>\n\n\n\n<p>En este contexto, se lleva adelante un trabajo met\u00f3dico en pr\u00e1cticamente toda la ciudad y que incluye:&nbsp;&nbsp;<strong>descacharrados, control focal, b\u00fasqueda de febriles y concientizaci\u00f3n a la poblaci\u00f3n.<\/strong><\/p>\n\n\n\n<p>La directora general de Epidemiolog\u00eda, Angelina Bobadilla, remarc\u00f3: \u201cContinuamos con las acciones de prevenci\u00f3n, pero la clave para combatir al dengue est\u00e1 en cada hogar. Es importante que la&nbsp;&nbsp;<strong>poblaci\u00f3n elimine los criaderos<\/strong>&nbsp; de los hogares ya que, seg\u00fan el \u00faltimo relevamiento, el Aedes Aegypti est\u00e1 en las casas, en los floreros, en los recipientes de desag\u00fce de los aires acondicionados y en los bebederos de mascotas, entre otros\u201d.<\/p>\n\n\n\n<p>\u201cSi la poblaci\u00f3n&nbsp;&nbsp;<strong>erradica de sus casas los criaderos, se corta la cadena de contagio<\/strong>&nbsp; y disminuyen los casos. Es fundamental el compromiso ciudadano\u201d, resumi\u00f3.<\/p>\n\n\n\n<p>\u201cActualmente, se sigue en una meseta alta, detectando contagios en todos los barrios de la capital y en algunas localidades del interior\u201d, explic\u00f3.<\/p>\n\n\n\n<p>Y agreg\u00f3: \u201cEs muy importante mantener las medidas de prevenci\u00f3n: el uso de repelentes y, ante s\u00edntomas, no automedicarse y concurrir a la consulta m\u00e9dica\u201d.<\/p>\n","protected":false},"excerpt":{"rendered":"<p>El Ministerio de Salud&nbsp;inform\u00f3 este viernes que en Corrientes se registraron&nbsp;&nbsp;294 casos activos de dengue en la \u00faltima semana, de los cuales 151&nbsp; corresponden a capital provincial.&nbsp; En este contexto,&hellip; <\/p>\n","protected":false},"author":1,"featured_media":42927,"comment_status":"closed","ping_status":"open","sticky":false,"template":"","format":"standard","meta":{"footnotes":""},"categories":[16],"tags":[],"class_list":["post-122819","post","type-post","status-publish","format-standard","has-post-thumbnail","hentry","category-bienestar-y-salud"],"_links":{"self":[{"href":"https:\/\/corrientesdetarde.com\/index.php\/wp-json\/wp\/v2\/posts\/122819","targetHints":{"allow":["GET"]}}],"collection":[{"href":"https:\/\/corrientesdetarde.com\/index.php\/wp-json\/wp\/v2\/posts"}],"about":[{"href":"https:\/\/corrientesdetarde.com\/index.php\/wp-json\/wp\/v2\/types\/post"}],"author":[{"embeddable":true,"href":"https:\/\/corrientesdetarde.com\/index.php\/wp-json\/wp\/v2\/users\/1"}],"replies":[{"embeddable":true,"href":"https:\/\/corrientesdetarde.com\/index.php\/wp-json\/wp\/v2\/comments?post=122819"}],"version-history":[{"count":1,"href":"https:\/\/corrientesdetarde.com\/index.php\/wp-json\/wp\/v2\/posts\/122819\/revisions"}],"predecessor-version":[{"id":122830,"href":"https:\/\/corrientesdetarde.com\/index.php\/wp-json\/wp\/v2\/posts\/122819\/revisions\/122830"}],"wp:featuredmedia":[{"embeddable":true,"href":"https:\/\/corrientesdetarde.com\/index.php\/wp-json\/wp\/v2\/media\/42927"}],"wp:attachment":[{"href":"https:\/\/corrientesdetarde.com\/index.php\/wp-json\/wp\/v2\/media?parent=122819"}],"wp:term":[{"taxonomy":"category","embeddable":true,"href":"https:\/\/corrientesdetarde.com\/index.php\/wp-json\/wp\/v2\/categories?post=122819"},{"taxonomy":"post_tag","embeddable":true,"href":"https:\/\/corrientesdetarde.com\/index.php\/wp-json\/wp\/v2\/tags?post=122819"}],"curies":[{"name":"wp","href":"https:\/\/api.w.org\/{rel}","templated":true}]}}