{"id":122820,"date":"2024-02-02T17:15:12","date_gmt":"2024-02-02T20:15:12","guid":{"rendered":"https:\/\/corrientesdetarde.com\/?p=122820"},"modified":"2024-02-02T17:15:17","modified_gmt":"2024-02-02T20:15:17","slug":"dos-heridos-tras-el-choque-entre-dos-autos-y-un-camion-en-chaco","status":"publish","type":"post","link":"https:\/\/corrientesdetarde.com\/index.php\/policiales\/dos-heridos-tras-el-choque-entre-dos-autos-y-un-camion-en-chaco\/","title":{"rendered":"dos heridos tras el choque entre dos autos y un cami\u00f3n en Chaco"},"content":{"rendered":"\n<p>Dos correntinos resultaron heridos en la provincia de Chaco en un siniestro vial, informaron este viernes fuentes oficiales.&nbsp;<\/p>\n\n\n\n<p>El accidente se registr\u00f3 el jueves al mediod\u00eda entre dos autos y un cami\u00f3n en la Ruta nacional N\u00ba 16 a la altura del kil\u00f3metro 7.\u00a0<\/p>\n\n\n\n<figure class=\"wp-block-image size-full\"><img loading=\"lazy\" decoding=\"async\" width=\"770\" height=\"440\" src=\"https:\/\/corrientesdetarde.com\/wp-content\/uploads\/2024\/02\/image-27.png\" alt=\"\" class=\"wp-image-122828\" srcset=\"https:\/\/corrientesdetarde.com\/wp-content\/uploads\/2024\/02\/image-27.png 770w, https:\/\/corrientesdetarde.com\/wp-content\/uploads\/2024\/02\/image-27-300x171.png 300w, https:\/\/corrientesdetarde.com\/wp-content\/uploads\/2024\/02\/image-27-768x439.png 768w\" sizes=\"auto, (max-width: 770px) 100vw, 770px\" \/><\/figure>\n\n\n\n<p>Uno de los heridos fue identificado&nbsp;como R.F.B. de 44 a\u00f1os y seg\u00fan lo informado&nbsp;por el personal m\u00e9dico, presentaba &#8220;heridas cortantes en el brazo derecho&#8221;.<\/p>\n\n\n\n<p>El otro lesionado, J.A.B.C de 48 a\u00f1os, sufri\u00f3 &#8220;herida cortante en el antebrazo derecho y contusi\u00f3n lumbrar&#8221;.<\/p>\n\n\n\n<p>Ambos presentaban domicilio en la ciudad de Corrientes, indicaron.&nbsp;<\/p>\n\n\n\n<figure class=\"wp-block-image\"><img decoding=\"async\" src=\"https:\/\/pxc.cdn.ellitoral.com.ar\/litoral\/022024\/1706903977075.webp?cw=1200&amp;ch=900&amp;extw=jpeg\" alt=\"Accidente: correntinos heridos tras el choque entre dos autos y un cami\u00f3n en Chaco\"\/><\/figure>\n","protected":false},"excerpt":{"rendered":"<p>Dos correntinos resultaron heridos en la provincia de Chaco en un siniestro vial, informaron este viernes fuentes oficiales.&nbsp; El accidente se registr\u00f3 el jueves al mediod\u00eda entre dos autos y&hellip; <\/p>\n","protected":false},"author":1,"featured_media":122827,"comment_status":"closed","ping_status":"open","sticky":false,"template":"","format":"standard","meta":{"footnotes":""},"categories":[33],"tags":[],"class_list":["post-122820","post","type-post","status-publish","format-standard","has-post-thumbnail","hentry","category-policiales"],"_links":{"self":[{"href":"https:\/\/corrientesdetarde.com\/index.php\/wp-json\/wp\/v2\/posts\/122820","targetHints":{"allow":["GET"]}}],"collection":[{"href":"https:\/\/corrientesdetarde.com\/index.php\/wp-json\/wp\/v2\/posts"}],"about":[{"href":"https:\/\/corrientesdetarde.com\/index.php\/wp-json\/wp\/v2\/types\/post"}],"author":[{"embeddable":true,"href":"https:\/\/corrientesdetarde.com\/index.php\/wp-json\/wp\/v2\/users\/1"}],"replies":[{"embeddable":true,"href":"https:\/\/corrientesdetarde.com\/index.php\/wp-json\/wp\/v2\/comments?post=122820"}],"version-history":[{"count":1,"href":"https:\/\/corrientesdetarde.com\/index.php\/wp-json\/wp\/v2\/posts\/122820\/revisions"}],"predecessor-version":[{"id":122829,"href":"https:\/\/corrientesdetarde.com\/index.php\/wp-json\/wp\/v2\/posts\/122820\/revisions\/122829"}],"wp:featuredmedia":[{"embeddable":true,"href":"https:\/\/corrientesdetarde.com\/index.php\/wp-json\/wp\/v2\/media\/122827"}],"wp:attachment":[{"href":"https:\/\/corrientesdetarde.com\/index.php\/wp-json\/wp\/v2\/media?parent=122820"}],"wp:term":[{"taxonomy":"category","embeddable":true,"href":"https:\/\/corrientesdetarde.com\/index.php\/wp-json\/wp\/v2\/categories?post=122820"},{"taxonomy":"post_tag","embeddable":true,"href":"https:\/\/corrientesdetarde.com\/index.php\/wp-json\/wp\/v2\/tags?post=122820"}],"curies":[{"name":"wp","href":"https:\/\/api.w.org\/{rel}","templated":true}]}}