{"id":122896,"date":"2024-02-03T09:03:52","date_gmt":"2024-02-03T12:03:52","guid":{"rendered":"https:\/\/corrientesdetarde.com\/?p=122896"},"modified":"2024-02-03T09:04:04","modified_gmt":"2024-02-03T12:04:04","slug":"la-provincia-trabaja-en-la-ampliacion-del-area-de-estacionamiento-del-aeropuerto-piragine-niveyro","status":"publish","type":"post","link":"https:\/\/corrientesdetarde.com\/index.php\/informacion-general\/la-provincia-trabaja-en-la-ampliacion-del-area-de-estacionamiento-del-aeropuerto-piragine-niveyro\/","title":{"rendered":"La Provincia trabaja en la ampliaci\u00f3n del \u00e1rea de estacionamiento del aeropuerto Piragine Niveyro"},"content":{"rendered":"\n<p>El Gobierno Provincial,&nbsp; como parte de su plan de obra de refacci\u00f3n general del aeropuerto internacional \u201cFernando Piragine Niveyro \u201c &nbsp;de nuestra capital, encara la ampliaci\u00f3n de sus espacios de&nbsp; estacionamiento vehicular, dada la creciente demanda y&nbsp; a fin de brindar mejores servicios a los usuarios de este servicio.<\/p>\n\n\n\n<p>El ministro de Obras y Servicios P\u00fablicos, Claudio Polich verific\u00f3 este mediod\u00eda la marcha de los trabajos que se ubican en el extremo sur de la aerostaci\u00f3n en el \u00e1rea contigua al actual sector de aparcamiento vehicular. En el lugar fue recibido por el director Aeroportuario de la Provincia,&nbsp;Mart\u00edn L\u00f3pez y el coordinador de Vialidad Urbana, Santiago Lacava.<\/p>\n\n\n\n<p>En este \u00e1rea, una franja de alrededor de 40 metros por 170 metros, se &nbsp;procedi\u00f3 al desmonte del suelo vegetal, hasta una profundidad de entre 40 a 60 cent\u00edmetros considerando la &nbsp;pendiente, &nbsp;para luego aportar suelo seleccionado que estabiliza el terreno y facilita la colocar ripio y su posterior cord\u00f3n cuneta.<\/p>\n\n\n\n<p>Asimismo, los tres desag\u00fces &nbsp;a cielo abierto que atraviesan este espacio ser\u00e1n entubados con ca\u00f1os de 600 mm y derivados hacia un zanj\u00f3n&nbsp; natural &nbsp;que desemboca en el desague principal del aeropuerto.<\/p>\n\n\n\n<p>Todos estos trabajos, &nbsp;que aportar\u00e1n m\u00e1s de un centenar de cub\u00edculos de nuevos estacionamientos, son llevados adelante con personal y equipos de Vialidad Urbana, y ejecutados &nbsp;con la previsi\u00f3n de que en una etapa posterior &nbsp;toda el \u00e1rea pueda ser pavimentada con concreto asf\u00e1ltico e incluso hormig\u00f3n.<\/p>\n\n\n\n<p>Por otra parte, tambi\u00e9n&nbsp; el ministerio de Obras y Servicios P\u00fablicos a trav\u00e9s de la Direcci\u00f3n de Planificaci\u00f3n y Obras (DPO),&nbsp; realiza trabajos de refacci\u00f3n integral de aeropuerto capitalino &nbsp;que incluyen la reparaci\u00f3n de techos y&nbsp; sanitarios, as\u00ed como la ampliaci\u00f3n y refuncionalizaci\u00f3n del Hangar Provincial&nbsp;y la &nbsp;readecuaci\u00f3n del sistema de Incendio en la playa de maniobras y hangares, entre otros.<\/p>\n","protected":false},"excerpt":{"rendered":"<p>El Gobierno Provincial,&nbsp; como parte de su plan de obra de refacci\u00f3n general del aeropuerto internacional \u201cFernando Piragine Niveyro \u201c &nbsp;de nuestra capital, encara la ampliaci\u00f3n de sus espacios de&nbsp;&hellip; <\/p>\n","protected":false},"author":3,"featured_media":122897,"comment_status":"closed","ping_status":"open","sticky":false,"template":"","format":"standard","meta":{"footnotes":""},"categories":[1],"tags":[],"class_list":["post-122896","post","type-post","status-publish","format-standard","has-post-thumbnail","hentry","category-informacion-general"],"_links":{"self":[{"href":"https:\/\/corrientesdetarde.com\/index.php\/wp-json\/wp\/v2\/posts\/122896","targetHints":{"allow":["GET"]}}],"collection":[{"href":"https:\/\/corrientesdetarde.com\/index.php\/wp-json\/wp\/v2\/posts"}],"about":[{"href":"https:\/\/corrientesdetarde.com\/index.php\/wp-json\/wp\/v2\/types\/post"}],"author":[{"embeddable":true,"href":"https:\/\/corrientesdetarde.com\/index.php\/wp-json\/wp\/v2\/users\/3"}],"replies":[{"embeddable":true,"href":"https:\/\/corrientesdetarde.com\/index.php\/wp-json\/wp\/v2\/comments?post=122896"}],"version-history":[{"count":1,"href":"https:\/\/corrientesdetarde.com\/index.php\/wp-json\/wp\/v2\/posts\/122896\/revisions"}],"predecessor-version":[{"id":122898,"href":"https:\/\/corrientesdetarde.com\/index.php\/wp-json\/wp\/v2\/posts\/122896\/revisions\/122898"}],"wp:featuredmedia":[{"embeddable":true,"href":"https:\/\/corrientesdetarde.com\/index.php\/wp-json\/wp\/v2\/media\/122897"}],"wp:attachment":[{"href":"https:\/\/corrientesdetarde.com\/index.php\/wp-json\/wp\/v2\/media?parent=122896"}],"wp:term":[{"taxonomy":"category","embeddable":true,"href":"https:\/\/corrientesdetarde.com\/index.php\/wp-json\/wp\/v2\/categories?post=122896"},{"taxonomy":"post_tag","embeddable":true,"href":"https:\/\/corrientesdetarde.com\/index.php\/wp-json\/wp\/v2\/tags?post=122896"}],"curies":[{"name":"wp","href":"https:\/\/api.w.org\/{rel}","templated":true}]}}