{"id":122899,"date":"2024-02-03T09:07:19","date_gmt":"2024-02-03T12:07:19","guid":{"rendered":"https:\/\/corrientesdetarde.com\/?p=122899"},"modified":"2024-02-03T09:07:30","modified_gmt":"2024-02-03T12:07:30","slug":"ley-omnibus-se-aprobo-en-general-y-viene-la-picante-fase-por-articulos","status":"publish","type":"post","link":"https:\/\/corrientesdetarde.com\/index.php\/politica\/ley-omnibus-se-aprobo-en-general-y-viene-la-picante-fase-por-articulos\/","title":{"rendered":"Ley \u00d3mnibus: se aprob\u00f3 en general y viene la picante fase por art\u00edculos"},"content":{"rendered":"\n<p>Los diputados por Corrientes votaron de acuerdo a los par\u00e1metros trazados por sus respectivos bloques. Los radicales Alfredo Vallejos y Manuel Aguirre acompa\u00f1aron, al igual que Lisandro Almir\u00f3n de LLA. Los de UP, Jorge Romero, Nancy Sand y Christian Zulli, la rechazaron.<\/p>\n\n\n\n<p>Avanz\u00f3 la Ley \u00d3mnibus en la C\u00e1mara de Diputados de la Naci\u00f3n con la aprobaci\u00f3n en general por 144 votos a favor y 109 en contra. La votaci\u00f3n se lleg\u00f3 despu\u00e9s de acumular 30 horas de debate durante tres d\u00edas consecutivos.<\/p>\n\n\n\n<p>En el registro m\u00e1s fino, se puede decir que los legisladores por Corrientes votaron de acuerdo a los par\u00e1metros trazados por sus respectivos bloques. As\u00ed, los radicales Alfredo Vallejos y Manuel Aguirre acompa\u00f1aron en general la iniciativa que desvela al Gobierno de Javier Milei, al igual que el diputado de La Libertad Avanza, Lisandro Almir\u00f3n. En tanto que los representantes del PJ-Uni\u00f3n por la Patria, Jorge Antonio Romero, Nancy Sand y Christian Zulli, votaron por el rechazo de la tambi\u00e9n denominada Ley Bases.<\/p>\n\n\n\n<figure class=\"wp-block-image\"><img decoding=\"async\" src=\"https:\/\/www.diarioepoca.com\/content\/bucket\/0\/1345310w380h132c.jpg.webp\" alt=\"\"\/><\/figure>\n\n\n\n<p>En el total, solo dos radicales (Facundo Manes y Pablo Juliano), dos socialistas (M\u00f3nica Fein y Esteban Paul\u00f3n) y Margarita Stolbizer votaron en contra del proyecto, adem\u00e1s de los legisladores de Uni\u00f3n por la Patria y del Frente de Izquierda.<\/p>\n\n\n\n<p>Si bien lograron un importante avance, el Gobierno no puede festejar. El martes que viene, desde las 14, se reanudar\u00e1 el debate de los art\u00edculos en particular, por lo que si el oficialismo no logra mayores consensos todav\u00eda podr\u00edan ser rechazados algunos puntos clave como privatizaciones, deuda, facultades delegadas e impuesto PAIS. &#8220;Milei a\u00fan corre el riesgo de quedarse con una c\u00e1scara vac\u00eda&#8221;, advirtieron en medios nacionales.<\/p>\n\n\n\n<p>&#8220;Las duras palabras del comunicado de la Oficina del Presidente dejaron en evidencia el fastidio del Gobierno con las provincias y los bloques dialoguistas que a pesar de todos los cambios ya hechos siguen condicionando su apoyo a la realizaci\u00f3n de nuevas modificaciones en el texto&#8221;, indicaron en un art\u00edculo del portal Infobae.com.<\/p>\n\n\n\n<figure class=\"wp-block-image\"><img decoding=\"async\" src=\"https:\/\/www.diarioepoca.com\/content\/bucket\/1\/1345311w380h132c.jpg.webp\" alt=\"\"\/><\/figure>\n\n\n\n<p>&#8220;Es hora de que los representantes del pueblo decidan si est\u00e1n del lado de la libertad de los argentinos o del lado de los privilegios de la casta y la rep\u00fablica corporativa&#8221;, sintetiz\u00f3 el comunicado de la Casa Rosada, en un intento de ponerle un l\u00edmite a las presiones.<\/p>\n\n\n\n<p>La nota tambi\u00e9n adelanta: &#8220;El Gobierno se comprometi\u00f3 a retomar el di\u00e1logo con los gobernadores y la oposici\u00f3n durante el fin de semana para seguir acercando posiciones. El punto clave es la inclusi\u00f3n en el debate de la coparticipaci\u00f3n del Impuesto Pa\u00eds&#8221;.<\/p>\n\n\n\n<figure class=\"wp-block-image\"><img decoding=\"async\" src=\"https:\/\/www.diarioepoca.com\/content\/bucket\/2\/1345312w380h249c.jpg.webp\" alt=\"\"\/><\/figure>\n\n\n\n<h2 class=\"wp-block-heading\">Cambios<\/h2>\n\n\n\n<p>Previo a la votaci\u00f3n en general del proyecto, se aprob\u00f3 la derogaci\u00f3n de los art\u00edculos sobre el cap\u00edtulo fiscal, el sistema de actualizaci\u00f3n de jubilaciones, financiamiento pol\u00edtico, ley de pesca y temas de seguridad, con lo cual el dictamen se redujo de 523 a 383 art\u00edculos.<\/p>\n\n\n\n<p>Tambi\u00e9n se reform\u00f3 el art\u00edculo sobre la declaraci\u00f3n de emergencia, que qued\u00f3 limitada a seis materias que son administrativa, econ\u00f3mica, financiera, de seguridad, tarifaria y energ\u00e9tica, y sobre biocombustibles y los entes referidos a la cultura.<\/p>\n\n\n\n<p>Tras la aprobaci\u00f3n del proyecto en general, se produjeron nuevos incidentes entre manifestantes de izquierda, organizaciones sociales y las fuerzas de seguridad.<\/p>\n\n\n\n<p>Granadas de gas lacrim\u00f3geno, gas pimienta y bastonazos fueron usados por los agentes para dispersar a los manifestantes, quienes respondieron con el lanzamiento de piedras y botellas.<\/p>\n\n\n\n<h2 class=\"wp-block-heading\">Almir\u00f3n: &#8220;Tengamos la grandeza de dejar gobernar a este Presidente&#8221;<\/h2>\n\n\n\n<figure class=\"wp-block-image\"><img decoding=\"async\" src=\"https:\/\/www.diarioepoca.com\/content\/bucket\/4\/1345314w380h278c.jpg.webp\" alt=\"\"\/><\/figure>\n\n\n\n<p>El primero de los legisladores correntinos que hizo uso de la palabra en la marat\u00f3nica sesi\u00f3n de tratamiento de la Ley \u00d3mnibus, que ya avanz\u00f3 ayer con la aprobaci\u00f3n en general, fue el diputado de La Libertad Avanza, Lisandro Almir\u00f3n.<\/p>\n\n\n\n<p>&#8220;Escuchaba que todos citaban el pre\u00e1mbulo de la Constituci\u00f3n sobre la unidad nacional. Pero creo que los constituyentes se quedaron cortos: porque no solo hay que lograrla, sino que es fundamental mantenerla&#8221;, afirm\u00f3.<\/p>\n\n\n\n<p>A continuaci\u00f3n cuestion\u00f3 al Gobierno anterior y mencion\u00f3 el d\u00e9ficit y niveles de pobreza.<\/p>\n\n\n\n<p>Tambi\u00e9n critic\u00f3 a la oposici\u00f3n: &#8220;Hay un rechazo por el rechazo mismo, dijo.<\/p>\n\n\n\n<p>Finalmente remarc\u00f3: &#8220;Apelo a la responsabilidad de todo este cuerpo legislativo a que tengamos la grandeza de dejar gobernar a este Presidente&#8221;.<\/p>\n\n\n\n<h2 class=\"wp-block-heading\">Sand: &#8220;Se somete a las provincias reduciendo ingresos leg\u00edtimos&#8221;<\/h2>\n\n\n\n<figure class=\"wp-block-image\"><img decoding=\"async\" src=\"https:\/\/www.diarioepoca.com\/content\/bucket\/5\/1345315w380h277c.jpg.webp\" alt=\"\"\/><\/figure>\n\n\n\n<p>Durante su alocuci\u00f3n en la sesi\u00f3n, la diputada nacional del PJ-Uni\u00f3n por la Patria, Nancy Sand, advirti\u00f3 del impacto negativo que esta ley tendr\u00e1 en Corrientes y en la Regi\u00f3n NEA, y &#8220;que ya est\u00e1 sucediendo con la paralizaci\u00f3n de obras p\u00fablicas&#8221;.<\/p>\n\n\n\n<p>Sand hizo hincapi\u00e9 en que la Ley Bases somete a las provincias reduciendo ingresos leg\u00edtimos que son necesarios e importantes para su desarrollo. &#8220;Por eso no entiendo al Gobernador de Corrientes, que acompa\u00f1a esta ley sabiendo que nuestra provincia se va a ver enormemente perjudicada&#8221;.<\/p>\n\n\n\n<p>&#8220;Un claro ejemplo es no continuar con el proyecto del segundo puente para unir las provincias de Corrientes y Chaco, una obra fundamental para el desarrollo econ\u00f3mico de las provincias y de toda la econom\u00eda regional&#8221;, se\u00f1al\u00f3 Nancy Sand.<\/p>\n\n\n\n<h2 class=\"wp-block-heading\">Manuel Aguirre: &#8220;Formular\u00e9 objeciones a algunos art\u00edculos&#8221;<\/h2>\n\n\n\n<figure class=\"wp-block-image\"><img decoding=\"async\" src=\"https:\/\/www.diarioepoca.com\/content\/bucket\/7\/1345317w380h558c.jpg.webp\" alt=\"\"\/><\/figure>\n\n\n\n<p>El diputado nacional por la UCR, Manuel Aguirre, habl\u00f3 durante la marat\u00f3nica sesi\u00f3n y se expres\u00f3 acerca de la medianoche del jueves sobre el tratamiento del proyecto de Ley \u00d3mnibus.<\/p>\n\n\n\n<p>&#8220;La sociedad argentina nos dio una responsabilidad que debemos cumplir fielmente, respetando la Constituci\u00f3n Nacional. En el ejercicio de nuestros mandatos, realizarlo sin bajezas, con el objetivo claro de volar alto&#8221;, dijo Aguirre.<\/p>\n\n\n\n<p>&#8220;Tenemos de una vez por todas que creer en la ley y respetarla&#8221;, indic\u00f3.<\/p>\n\n\n\n<p>&#8220;En general, voy a acompa\u00f1ar el proyecto de ley del Poder Ejecutivo, pero en el tratamiento en particular formular\u00e9 objeciones a art\u00edculos referidos al r\u00e9gimen penal, la seguridad y las privatizaciones de empresas del Estado&#8221;, cerr\u00f3.<\/p>\n\n\n\n<h2 class=\"wp-block-heading\">Sof\u00eda Brambilla: &#8220;Ac\u00e1, el Congreso nacional como escriban\u00eda se termin\u00f3&#8221;<\/h2>\n\n\n\n<figure class=\"wp-block-image\"><img decoding=\"async\" src=\"https:\/\/www.diarioepoca.com\/content\/bucket\/9\/1345319w380h554c.jpg.webp\" alt=\"\"\/><\/figure>\n\n\n\n<p>Al hacer uso de la palabra, la diputada del PRO Sof\u00eda Brambilla sostuvo, en principio, que &#8220;todo cambio genera incertidumbre y los argentino, en su mayor\u00eda, eligieron dar un giro rotundo en el futuro del pa\u00eds&#8221;.<\/p>\n\n\n\n<p>De todas maneras, aclar\u00f3: &#8220;La voluntad y decisi\u00f3n de un cambio firme y profundo no es incompatible con el federalismo, al contrario&#8221;.<\/p>\n\n\n\n<p>Tambi\u00e9n sostuvo: &#8220;Estoy de acuerdo con que no se saca adelante el pa\u00eds concentrando poder o anulando la divisi\u00f3n de poderes. Lo hacemos respetando las instituciones, las leyes y las autonom\u00edas provinciales&#8221;.<\/p>\n\n\n\n<p>Finalmente, destac\u00f3 la b\u00fasqueda de consensos y remarc\u00f3: &#8220;Hoy tenemos un Congreso sin mayor\u00edas autom\u00e1ticas. El Congreso como escriban\u00eda se termin\u00f3&#8221;.<\/p>\n\n\n\n<h2 class=\"wp-block-heading\">Jorge Romero: &#8220;Esto es un ataque al Estado y al trabajo p\u00fablico&#8221;<\/h2>\n\n\n\n<figure class=\"wp-block-image\"><img decoding=\"async\" src=\"https:\/\/www.diarioepoca.com\/content\/bucket\/8\/1345318w380h563c.jpg.webp\" alt=\"\"\/><\/figure>\n\n\n\n<p>El legislador de PJ-Uni\u00f3n por la Patria, Jorge Antonio Romero, se\u00f1al\u00f3 que el tratamiento de la ley &#8220;se dio de manera irregular desde su inicio&#8221;.<\/p>\n\n\n\n<p>&#8220;Adem\u00e1s de las desregulaciones, esta ley le dar\u00e1 m\u00e1s beneficio al poder econ\u00f3mico concentrado mediante la privatizaci\u00f3n de empresas estatales que hoy tienen super\u00e1vit, como Aerol\u00edneas Argentinas, Banco Naci\u00f3n, empresas que producen energ\u00eda el\u00e9ctrica, cient\u00edficas, tecnol\u00f3gicas, aeroespaciales, recursos estrat\u00e9gicos, entre otras&#8221;, destac\u00f3 el diputado.<\/p>\n\n\n\n<p>Remarc\u00f3 que &#8220;la Ley \u00d3mnibus no tiene otra intenci\u00f3n m\u00e1s que el ataque al Estado y al trabajo p\u00fablico. Generando masivos despidos y ajustes salariales al bolsillo de los trabajadores&#8221;.<\/p>\n\n\n\n<h2 class=\"wp-block-heading\">Christian Zulli: &#8220;No seremos c\u00f3mplices de este plan de ajuste y hambre&#8221;<\/h2>\n\n\n\n<figure class=\"wp-block-image\"><img decoding=\"async\" src=\"https:\/\/www.diarioepoca.com\/content\/bucket\/0\/1345320w380h559c.jpg.webp\" alt=\"\"\/><\/figure>\n\n\n\n<p>El diputado nacional del PJ-Uni\u00f3n por la Patria, Christian Zulli, sostuvo en su discurso en el recinto que &#8220;esta ley habla de diferentes temas, pero no propone soluciones reales y en Corrientes tenemos un problema con el transporte p\u00fablico&#8221;.<\/p>\n\n\n\n<p>Adem\u00e1s, en el cierre de su participaci\u00f3n en el uso de la palabra durante la jornada del viernes, el legislador por Corrientes expres\u00f3: &#8220;No vamos a ser c\u00f3mplices de este plan de ajuste y de hambre que quieren llevar adelante, no le vamos a dar las herramientas al Presidente. Quiero pedir al Gobierno nacional que tenga m\u00e1s empat\u00eda y solidaridad con el pueblo correntino, que visiten las provincias y vean nuestras escuelas y hospitales que se est\u00e1n cayendo a pedazos&#8221;.<\/p>\n","protected":false},"excerpt":{"rendered":"<p>Los diputados por Corrientes votaron de acuerdo a los par\u00e1metros trazados por sus respectivos bloques. Los radicales Alfredo Vallejos y Manuel Aguirre acompa\u00f1aron, al igual que Lisandro Almir\u00f3n de LLA.&hellip; <\/p>\n","protected":false},"author":3,"featured_media":122900,"comment_status":"closed","ping_status":"open","sticky":false,"template":"","format":"standard","meta":{"footnotes":""},"categories":[3],"tags":[],"class_list":["post-122899","post","type-post","status-publish","format-standard","has-post-thumbnail","hentry","category-politica"],"_links":{"self":[{"href":"https:\/\/corrientesdetarde.com\/index.php\/wp-json\/wp\/v2\/posts\/122899","targetHints":{"allow":["GET"]}}],"collection":[{"href":"https:\/\/corrientesdetarde.com\/index.php\/wp-json\/wp\/v2\/posts"}],"about":[{"href":"https:\/\/corrientesdetarde.com\/index.php\/wp-json\/wp\/v2\/types\/post"}],"author":[{"embeddable":true,"href":"https:\/\/corrientesdetarde.com\/index.php\/wp-json\/wp\/v2\/users\/3"}],"replies":[{"embeddable":true,"href":"https:\/\/corrientesdetarde.com\/index.php\/wp-json\/wp\/v2\/comments?post=122899"}],"version-history":[{"count":1,"href":"https:\/\/corrientesdetarde.com\/index.php\/wp-json\/wp\/v2\/posts\/122899\/revisions"}],"predecessor-version":[{"id":122901,"href":"https:\/\/corrientesdetarde.com\/index.php\/wp-json\/wp\/v2\/posts\/122899\/revisions\/122901"}],"wp:featuredmedia":[{"embeddable":true,"href":"https:\/\/corrientesdetarde.com\/index.php\/wp-json\/wp\/v2\/media\/122900"}],"wp:attachment":[{"href":"https:\/\/corrientesdetarde.com\/index.php\/wp-json\/wp\/v2\/media?parent=122899"}],"wp:term":[{"taxonomy":"category","embeddable":true,"href":"https:\/\/corrientesdetarde.com\/index.php\/wp-json\/wp\/v2\/categories?post=122899"},{"taxonomy":"post_tag","embeddable":true,"href":"https:\/\/corrientesdetarde.com\/index.php\/wp-json\/wp\/v2\/tags?post=122899"}],"curies":[{"name":"wp","href":"https:\/\/api.w.org\/{rel}","templated":true}]}}