{"id":122905,"date":"2024-02-03T09:12:24","date_gmt":"2024-02-03T12:12:24","guid":{"rendered":"https:\/\/corrientesdetarde.com\/?p=122905"},"modified":"2024-02-03T09:12:30","modified_gmt":"2024-02-03T12:12:30","slug":"el-chamame-vive-en-mburucuya-su-genuina-expresion-de-identidad","status":"publish","type":"post","link":"https:\/\/corrientesdetarde.com\/index.php\/cultura\/el-chamame-vive-en-mburucuya-su-genuina-expresion-de-identidad\/","title":{"rendered":"El chamam\u00e9 vive en Mburucuy\u00e1 su genuina expresi\u00f3n de identidad"},"content":{"rendered":"\n<p>El Festival Tradicional celebra su 55\u00b0 edici\u00f3n con una destacada grilla de artistas. La previa del jueves fue una multitudinaria pe\u00f1a festivalera.<\/p>\n\n\n\n<p>Estar en Mburucuy\u00e1 es sentir la genuina expresi\u00f3n de identidad de la cultura chamamecera, un pueblo que despierta sentimientos, principalmente alrededor de la celebraci\u00f3n del Festival del Aut\u00e9ntico Chamam\u00e9 Tradicional. Una fiesta que inici\u00f3 ayer, en el marco inaugural de la 55\u00b0 edici\u00f3n en el m\u00e1gico predio del anfiteatro Eustaquio Mi\u00f1o.<\/p>\n\n\n\n<p>Con una luna radiante pincelando de plata las aguas de la laguna Limpia, la postal rom\u00e1ntica que nos regala Mburucuy\u00e1 por estas noches enamora a miles de visitantes y turistas que llegaron hasta el pueblo a vivir el chamam\u00e9.<\/p>\n\n\n\n<p>&#8220;Es una \u00e9poca especial para nosotros, porque el festival nos permite mostrar al mundo c\u00f3mo somos, nuestros valores como pueblo chamamecero y las bondades que tiene Mburucuy\u00e1. Nos sentimos realmente orgullosos de ser hijos de esta hermosa tierra&#8221;, expres\u00f3 a \u00e9poca el intendente, Pablo &#8220;Kelo&#8221; Guastavino.<\/p>\n\n\n\n<figure class=\"wp-block-image\"><img decoding=\"async\" src=\"https:\/\/www.diarioepoca.com\/content\/bucket\/4\/1345324w380h402c.jpg.webp\" alt=\"\"\/><\/figure>\n\n\n\n<h2 class=\"wp-block-heading\">Pe\u00f1a y bailanta<\/h2>\n\n\n\n<p>La ansiedad y el entusiasmo se percibe entre la gente, en las casas, en los comercios, en las calles; todo el mundo habla de la fiesta, todos est\u00e1n preparados para ser excelentes anfitriones. Y las ganas incontrolables de disfrutar del chamam\u00e9 fueron evidentes en la noche previa, con la celebraci\u00f3n de la Pe\u00f1a Tradicional de Mburucuy\u00e1, una propuesta que reuni\u00f3 a m\u00e1s de 20 conjuntos para armar una poblada bailanta a orillas de la laguna. El evento fue hist\u00f3rico y una multitud cubri\u00f3 el extenso predio y gran parte de las tribunas, disfrutando as\u00ed hasta altas horas de la madrugada de esta marat\u00f3n chamamecera.<\/p>\n\n\n\n<p>De esta propuesta participaron artistas de la talla de Tallar\u00edn Ram\u00edrez, Ra\u00edz Guaran\u00ed y Vicky S\u00e1nchez que tir\u00f3 canciones como le\u00f1as al fuego.<\/p>\n\n\n\n<p>&#8220;Para m\u00ed es muy especial poder compartir mi m\u00fasica en un lugar tan emblem\u00e1tico para el chamam\u00e9. Como artista, esto nos permite absorber toda esa identidad para seguir todo el a\u00f1o llevando el chamam\u00e9 tradicional a todos los escenarios&#8221;, expres\u00f3 la joven acordeonista tras una exitosa presentaci\u00f3n.<\/p>\n\n\n\n<figure class=\"wp-block-image\"><img decoding=\"async\" src=\"https:\/\/www.diarioepoca.com\/content\/bucket\/3\/1345323w380h545c.jpg.webp\" alt=\"\"\/><\/figure>\n\n\n\n<p>Por otra parte, el Jefe comunal explic\u00f3 que esta pe\u00f1a &#8220;es una expresi\u00f3n m\u00e1s \u00edntima del festival, en la que disfrutamos de la danza y resaltando la importancia que tiene esta expresi\u00f3n que va a la par de la m\u00fasica. La danza y la m\u00fasica en su conjunto expresan el aut\u00e9ntico esp\u00edritu del chamam\u00e9&#8221;, refiri\u00f3 Guastavino al destacar la participaci\u00f3n de la gente, tanto del pueblo como los turistas que visitan la localidad, en cada edici\u00f3n el anfiteatro ubicado a la vera de la laguna Limpia. En tanto, anoche (al cierre de esta edici\u00f3n), iniciaba la jornada inaugural del Festival del Aut\u00e9ntico Chamam\u00e9 Tradicional que celebra sus 55 ediciones, 19 de ellos como edici\u00f3n nacional, con una amplia propuesta art\u00edstica que inclu\u00eda a Los Hijos de los Barrios, Grupo Irund\u00fd, Toti Montiel, Los Sheridan, entre tantos otros.<\/p>\n","protected":false},"excerpt":{"rendered":"<p>El Festival Tradicional celebra su 55\u00b0 edici\u00f3n con una destacada grilla de artistas. La previa del jueves fue una multitudinaria pe\u00f1a festivalera. Estar en Mburucuy\u00e1 es sentir la genuina expresi\u00f3n&hellip; <\/p>\n","protected":false},"author":3,"featured_media":122906,"comment_status":"closed","ping_status":"open","sticky":false,"template":"","format":"standard","meta":{"footnotes":""},"categories":[15],"tags":[],"class_list":["post-122905","post","type-post","status-publish","format-standard","has-post-thumbnail","hentry","category-cultura"],"_links":{"self":[{"href":"https:\/\/corrientesdetarde.com\/index.php\/wp-json\/wp\/v2\/posts\/122905","targetHints":{"allow":["GET"]}}],"collection":[{"href":"https:\/\/corrientesdetarde.com\/index.php\/wp-json\/wp\/v2\/posts"}],"about":[{"href":"https:\/\/corrientesdetarde.com\/index.php\/wp-json\/wp\/v2\/types\/post"}],"author":[{"embeddable":true,"href":"https:\/\/corrientesdetarde.com\/index.php\/wp-json\/wp\/v2\/users\/3"}],"replies":[{"embeddable":true,"href":"https:\/\/corrientesdetarde.com\/index.php\/wp-json\/wp\/v2\/comments?post=122905"}],"version-history":[{"count":1,"href":"https:\/\/corrientesdetarde.com\/index.php\/wp-json\/wp\/v2\/posts\/122905\/revisions"}],"predecessor-version":[{"id":122907,"href":"https:\/\/corrientesdetarde.com\/index.php\/wp-json\/wp\/v2\/posts\/122905\/revisions\/122907"}],"wp:featuredmedia":[{"embeddable":true,"href":"https:\/\/corrientesdetarde.com\/index.php\/wp-json\/wp\/v2\/media\/122906"}],"wp:attachment":[{"href":"https:\/\/corrientesdetarde.com\/index.php\/wp-json\/wp\/v2\/media?parent=122905"}],"wp:term":[{"taxonomy":"category","embeddable":true,"href":"https:\/\/corrientesdetarde.com\/index.php\/wp-json\/wp\/v2\/categories?post=122905"},{"taxonomy":"post_tag","embeddable":true,"href":"https:\/\/corrientesdetarde.com\/index.php\/wp-json\/wp\/v2\/tags?post=122905"}],"curies":[{"name":"wp","href":"https:\/\/api.w.org\/{rel}","templated":true}]}}