{"id":122908,"date":"2024-02-03T09:13:32","date_gmt":"2024-02-03T12:13:32","guid":{"rendered":"https:\/\/corrientesdetarde.com\/?p=122908"},"modified":"2024-02-03T09:13:36","modified_gmt":"2024-02-03T12:13:36","slug":"garantizaron-los-programas-de-asistencia-social","status":"publish","type":"post","link":"https:\/\/corrientesdetarde.com\/index.php\/informacion-general\/garantizaron-los-programas-de-asistencia-social\/","title":{"rendered":"Garantizaron los programas de asistencia social"},"content":{"rendered":"\n<p>El Ministro de Desarrollo Social ratific\u00f3 el apoyo a los comedores.<\/p>\n\n\n\n<p>&#8220;Los programas existentes est\u00e1n garantizados y trabajamos con otros planes que son de la Provincia, pero tambi\u00e9n con propuestas que estamos llevando al Gobierno nacional&#8221;, asegur\u00f3 ayer el ministro de Desarrollo Social de la Provincia, Ad\u00e1n Gaya, al ser consultado sobre la asistencia estatal a comedores barriales.<\/p>\n\n\n\n<p>De esta manera, el funcionario garantiz\u00f3 la ayuda a comedores y celebr\u00f3 el acercamiento con el nuevo Gobierno nacional para trabajar juntos en programas presentados. Adem\u00e1s, adelant\u00f3 que &#8220;est\u00e1 en carpeta&#8221; un nuevo aumento de la Tarjeta Sapucay.<\/p>\n\n\n\n<figure class=\"wp-block-image\"><img decoding=\"async\" src=\"https:\/\/www.diarioepoca.com\/content\/bucket\/2\/1345322w380h131c.jpg.webp\" alt=\"\"\/><\/figure>\n\n\n\n<p>&#8220;El a\u00f1o pasado aumentamos m\u00e1s del 400% y seguramente lo volveremos a hacer, est\u00e1 en carpeta&#8221;, dijo en una entrevista con Radio Dos sobre dicha tarjeta.<\/p>\n\n\n\n<p>&#8220;Poder tener una relaci\u00f3n de di\u00e1logo con las autoridades nacionales para nosotros es muy importante, porque no lo ven\u00edamos teniendo&#8221;, destac\u00f3 Gaya respecto de la reuni\u00f3n que mantuvo esta semana el gobernador, Gustavo Vald\u00e9s, con la ministra de Capital Humano, Sandra Pettovello. &#8220;Ojal\u00e1 que eso nos permita reactivar algunas cuestiones que hab\u00edan quedado sin efecto y generar nuevos programas para beneficiar a cada uno de los sectores&#8221;, remarc\u00f3 el funcionario correntino.<\/p>\n\n\n\n<p>Por otra parte, vale recordar que el jueves pasado, organizaciones sociales marcharon hacia un hipermercado de la capital correntina, por avenida Chacabuco, en demanda de asistencia en alimentos.<\/p>\n\n\n\n<h2 class=\"wp-block-heading\">Vald\u00e9s impulsa mayor presencia de Corrientes en eventos del agro<\/h2>\n\n\n\n<figure class=\"wp-block-image\"><img decoding=\"async\" src=\"https:\/\/www.diarioepoca.com\/content\/bucket\/1\/1345321w380h267c.jpg.webp\" alt=\"\"\/><\/figure>\n\n\n\n<p>El Gobernador se reuni\u00f3 con autoridades de Exponenciar para potenciar la presencia de Corrientes en los eventos del agro.<\/p>\n\n\n\n<p>El Mandatario correntino se reuni\u00f3 con el CEO de Exponenciar, Mart\u00edn Schvartzman, y el gerente comercial de Exponenciar, Patricio Frydman, en la Casa de la Provincia de Corrientes, situada en la Ciudad de Buenos Aires.<\/p>\n\n\n\n<p>El prop\u00f3sito principal de la reuni\u00f3n fue abordar los eventos agroindustriales planificados para el a\u00f1o 2024 y c\u00f3mo potenciar la presencia de Corrientes. En este encuentro, ambas partes consolidaron su compromiso con el desarrollo econ\u00f3mico y la promoci\u00f3n de la innovaci\u00f3n agroindustrial.<\/p>\n\n\n\n<p>En mayo, Corrientes ser\u00e1 sede de las Nacionales de las razas Braford, Brangus y Brahman.<\/p>\n","protected":false},"excerpt":{"rendered":"<p>El Ministro de Desarrollo Social ratific\u00f3 el apoyo a los comedores. &#8220;Los programas existentes est\u00e1n garantizados y trabajamos con otros planes que son de la Provincia, pero tambi\u00e9n con propuestas&hellip; <\/p>\n","protected":false},"author":3,"featured_media":122909,"comment_status":"closed","ping_status":"open","sticky":false,"template":"","format":"standard","meta":{"footnotes":""},"categories":[1],"tags":[],"class_list":["post-122908","post","type-post","status-publish","format-standard","has-post-thumbnail","hentry","category-informacion-general"],"_links":{"self":[{"href":"https:\/\/corrientesdetarde.com\/index.php\/wp-json\/wp\/v2\/posts\/122908","targetHints":{"allow":["GET"]}}],"collection":[{"href":"https:\/\/corrientesdetarde.com\/index.php\/wp-json\/wp\/v2\/posts"}],"about":[{"href":"https:\/\/corrientesdetarde.com\/index.php\/wp-json\/wp\/v2\/types\/post"}],"author":[{"embeddable":true,"href":"https:\/\/corrientesdetarde.com\/index.php\/wp-json\/wp\/v2\/users\/3"}],"replies":[{"embeddable":true,"href":"https:\/\/corrientesdetarde.com\/index.php\/wp-json\/wp\/v2\/comments?post=122908"}],"version-history":[{"count":1,"href":"https:\/\/corrientesdetarde.com\/index.php\/wp-json\/wp\/v2\/posts\/122908\/revisions"}],"predecessor-version":[{"id":122910,"href":"https:\/\/corrientesdetarde.com\/index.php\/wp-json\/wp\/v2\/posts\/122908\/revisions\/122910"}],"wp:featuredmedia":[{"embeddable":true,"href":"https:\/\/corrientesdetarde.com\/index.php\/wp-json\/wp\/v2\/media\/122909"}],"wp:attachment":[{"href":"https:\/\/corrientesdetarde.com\/index.php\/wp-json\/wp\/v2\/media?parent=122908"}],"wp:term":[{"taxonomy":"category","embeddable":true,"href":"https:\/\/corrientesdetarde.com\/index.php\/wp-json\/wp\/v2\/categories?post=122908"},{"taxonomy":"post_tag","embeddable":true,"href":"https:\/\/corrientesdetarde.com\/index.php\/wp-json\/wp\/v2\/tags?post=122908"}],"curies":[{"name":"wp","href":"https:\/\/api.w.org\/{rel}","templated":true}]}}