{"id":122913,"date":"2024-02-03T09:26:05","date_gmt":"2024-02-03T12:26:05","guid":{"rendered":"https:\/\/corrientesdetarde.com\/?p=122913"},"modified":"2024-02-03T09:26:08","modified_gmt":"2024-02-03T12:26:08","slug":"la-cgt-apunto-contra-patricia-bullrich-por-la-represion-en-el-congreso-pretende-ocultar-lo-verdaderamente-importante","status":"publish","type":"post","link":"https:\/\/corrientesdetarde.com\/index.php\/politica\/la-cgt-apunto-contra-patricia-bullrich-por-la-represion-en-el-congreso-pretende-ocultar-lo-verdaderamente-importante\/","title":{"rendered":"LA CGT APUNT\u00d3 CONTRA PATRICIA BULLRICH POR LA REPRESI\u00d3N EN EL CONGRESO: &#8220;PRETENDE OCULTAR LO VERDADERAMENTE IMPORTANTE&#8221;"},"content":{"rendered":"\n<p>(Pablo Roma, Gremiales) &#8211; La central obrera emiti\u00f3 un documento en el que cuestion\u00f3 la represi\u00f3n policial sobre los manifestantes en el Congreso.<\/p>\n\n\n\n<p>La Confederaci\u00f3n General del Trabajo (CGT) apunt\u00f3 contra la ministra de Seguridad, Patricia Bullrich, por la represi\u00f3n policial sobre los manifestantes en el Congreso, mientras se trata la Ley \u00d3mnibus en la C\u00e1mara de Diputados.<\/p>\n\n\n\n<p>La Confederaci\u00f3n General del Trabajo (CGT) apunt\u00f3 contra la ministra de Seguridad, Patricia Bullrich, por la represi\u00f3n policial sobre los manifestantes en el Congreso, mientras se trata la Ley \u00d3mnibus en la C\u00e1mara de Diputados.<\/p>\n\n\n\n<p>&#8220;El despliegue de fuerzas federales amedrentando la libertad de protesta de Pato Bullrich solo pretende ocultar lo verdaderamente importante que es la discusi\u00f3n legislativa. Mientras tanto los argentinos\/as est\u00e1n inseguros en los barrios de Argentina&#8221;, fue la publicaci\u00f3n de la central obrera en X.<\/p>\n\n\n\n<p>El mensaje de la CGT se debi\u00f3 a la violencia desatada por las fuerzas de seguridad hacia las personas presentes en las adyacencias del Congreso, donde contin\u00faa la sesi\u00f3n en la C\u00e1mara baja sobre el proyecto de Ley \u00d3mnibus que envi\u00f3 el presidente Javier Milei.<\/p>\n\n\n\n<p>La situaci\u00f3n que se desat\u00f3 en las afueras de la C\u00e1mara de Diputados gener\u00f3 que los diputados de Uni\u00f3n por la Patria y del Frente de Izquierda salieran a la calle para proteger a las personas presentes en la Plaza de los Congresos.<\/p>\n\n\n\n<div data-wp-interactive=\"core\/file\" class=\"wp-block-file\"><object data-wp-bind--hidden=\"!state.hasPdfPreview\" hidden class=\"wp-block-file__embed\" data=\"https:\/\/corrientesdetarde.com\/wp-content\/uploads\/2024\/02\/CGT-Represion-en-Congreso.pdf\" type=\"application\/pdf\" style=\"width:100%;height:600px\" aria-label=\"Incrustado de Incrustado de CGT-Represion-en-Congreso..\"><\/object><a id=\"wp-block-file--media-8b98b590-c206-4090-b7ee-33173d054d39\" href=\"https:\/\/corrientesdetarde.com\/wp-content\/uploads\/2024\/02\/CGT-Represion-en-Congreso.pdf\">CGT-Represion-en-Congreso<\/a><a href=\"https:\/\/corrientesdetarde.com\/wp-content\/uploads\/2024\/02\/CGT-Represion-en-Congreso.pdf\" class=\"wp-block-file__button\" download aria-describedby=\"wp-block-file--media-8b98b590-c206-4090-b7ee-33173d054d39\">Descarga<\/a><\/div>\n","protected":false},"excerpt":{"rendered":"<p>(Pablo Roma, Gremiales) &#8211; La central obrera emiti\u00f3 un documento en el que cuestion\u00f3 la represi\u00f3n policial sobre los manifestantes en el Congreso. La Confederaci\u00f3n General del Trabajo (CGT) apunt\u00f3&hellip; <\/p>\n","protected":false},"author":11,"featured_media":119881,"comment_status":"closed","ping_status":"open","sticky":false,"template":"","format":"standard","meta":{"footnotes":""},"categories":[26,3],"tags":[],"class_list":["post-122913","post","type-post","status-publish","format-standard","has-post-thumbnail","hentry","category-destacados","category-politica"],"_links":{"self":[{"href":"https:\/\/corrientesdetarde.com\/index.php\/wp-json\/wp\/v2\/posts\/122913","targetHints":{"allow":["GET"]}}],"collection":[{"href":"https:\/\/corrientesdetarde.com\/index.php\/wp-json\/wp\/v2\/posts"}],"about":[{"href":"https:\/\/corrientesdetarde.com\/index.php\/wp-json\/wp\/v2\/types\/post"}],"author":[{"embeddable":true,"href":"https:\/\/corrientesdetarde.com\/index.php\/wp-json\/wp\/v2\/users\/11"}],"replies":[{"embeddable":true,"href":"https:\/\/corrientesdetarde.com\/index.php\/wp-json\/wp\/v2\/comments?post=122913"}],"version-history":[{"count":1,"href":"https:\/\/corrientesdetarde.com\/index.php\/wp-json\/wp\/v2\/posts\/122913\/revisions"}],"predecessor-version":[{"id":122915,"href":"https:\/\/corrientesdetarde.com\/index.php\/wp-json\/wp\/v2\/posts\/122913\/revisions\/122915"}],"wp:featuredmedia":[{"embeddable":true,"href":"https:\/\/corrientesdetarde.com\/index.php\/wp-json\/wp\/v2\/media\/119881"}],"wp:attachment":[{"href":"https:\/\/corrientesdetarde.com\/index.php\/wp-json\/wp\/v2\/media?parent=122913"}],"wp:term":[{"taxonomy":"category","embeddable":true,"href":"https:\/\/corrientesdetarde.com\/index.php\/wp-json\/wp\/v2\/categories?post=122913"},{"taxonomy":"post_tag","embeddable":true,"href":"https:\/\/corrientesdetarde.com\/index.php\/wp-json\/wp\/v2\/tags?post=122913"}],"curies":[{"name":"wp","href":"https:\/\/api.w.org\/{rel}","templated":true}]}}