{"id":122978,"date":"2024-02-03T15:17:12","date_gmt":"2024-02-03T18:17:12","guid":{"rendered":"https:\/\/corrientesdetarde.com\/?p=122978"},"modified":"2024-02-03T15:59:53","modified_gmt":"2024-02-03T18:59:53","slug":"jose-pekerman-le-gano-una-millonaria-demanda-a-una-seleccion-sudamericana","status":"publish","type":"post","link":"https:\/\/corrientesdetarde.com\/index.php\/deportes\/jose-pekerman-le-gano-una-millonaria-demanda-a-una-seleccion-sudamericana\/","title":{"rendered":"Jos\u00e9 Pekerman le gan\u00f3 una millonaria demanda a una Selecci\u00f3n sudamericana"},"content":{"rendered":"\n<p>La\u00a0<strong>FIFA\u00a0<\/strong>le orden\u00f3 a la\u00a0<strong>Federaci\u00f3n Venezolana de F\u00fatbol (FVF)<\/strong>\u00a0pagarle una importante suma de dinero al exentrenador de la vinotinto,\u00a0<strong>el argentino Jos\u00e9 Pekerman<\/strong>, luego de que el exseleccionador interpusiera una demanda por \u201cincumplimiento\u201d del acuerdo para rescindir su contrato.<\/p>\n\n\n\n<p>La FVF deber\u00e1 abonarle a Pekerman&nbsp;<strong>1.71 millones de d\u00f3lares netos por remuneraciones pendientes<\/strong>, a lo que se le a\u00f1ade un&nbsp;<strong>inter\u00e9s anual del cinco por ciento<\/strong>, con fecha de inicio del 23 de agosto de 2023 hasta que se realice la totalidad del pago. Adem\u00e1s,&nbsp;<strong>1.14 millones de d\u00f3lares extra por \u201cpenalidad contractual\u201d<\/strong>.<\/p>\n\n\n\n<p>La&nbsp;<strong>Federaci\u00f3n Venezolana tendr\u00e1 un plazo m\u00e1ximo de 45 d\u00edas para lograr efectuar la totalidad del pago al experimentado t\u00e9cnico argentino<\/strong>, quien estuvo al mando del equipo hasta marzo de 2023 y luego fue sustituido por su compatriota<strong>&nbsp;Fernando Batista<\/strong>.<\/p>\n\n\n\n<figure class=\"wp-block-image\"><img decoding=\"async\" src=\"https:\/\/tn.com.ar\/resizer\/5KKa_FKomtUECHEXpCzACNmSyF8=\/767x0\/smart\/filters:format(webp)\/cloudfront-us-east-1.images.arcpublishing.com\/artear\/WXF4THGXJVHRVAHN3SCJHOHNT4.jpg\" alt=\"Pekerman gan\u00f3 la demanda contra la Federaci\u00f3n Venezolana. Foto: EFE\/EPA\/CHRISTIAN BRUNA\"\/><figcaption>Pekerman gan\u00f3 la demanda contra la Federaci\u00f3n Venezolana. Foto: EFE\/EPA\/CHRISTIAN BRUNA<\/figcaption><\/figure>\n\n\n\n<p>Cabe recordar que el argentino asumi\u00f3 el cargo a fines del 2021 con el objetivo de crear un seleccionado venezolano competente. Sin embargo, despu\u00e9s de un a\u00f1o y cuatro meses dej\u00f3 su puesto con un saldo de cinco victorias, un empate y cuatro derrotas.<\/p>\n\n\n\n<p>A pesar de que un primer momento se mencion\u00f3 que la relaci\u00f3n entre las partes finaliz\u00f3 de forma amistosa, Pekerman demand\u00f3 a Venezuela por incumplimiento de contrato y ahora obtuvo un fallo a favor.<\/p>\n","protected":false},"excerpt":{"rendered":"<p>La\u00a0FIFA\u00a0le orden\u00f3 a la\u00a0Federaci\u00f3n Venezolana de F\u00fatbol (FVF)\u00a0pagarle una importante suma de dinero al exentrenador de la vinotinto,\u00a0el argentino Jos\u00e9 Pekerman, luego de que el exseleccionador interpusiera una demanda por&hellip; <\/p>\n","protected":false},"author":12,"featured_media":122983,"comment_status":"closed","ping_status":"open","sticky":false,"template":"","format":"standard","meta":{"footnotes":""},"categories":[4],"tags":[],"class_list":["post-122978","post","type-post","status-publish","format-standard","has-post-thumbnail","hentry","category-deportes"],"_links":{"self":[{"href":"https:\/\/corrientesdetarde.com\/index.php\/wp-json\/wp\/v2\/posts\/122978","targetHints":{"allow":["GET"]}}],"collection":[{"href":"https:\/\/corrientesdetarde.com\/index.php\/wp-json\/wp\/v2\/posts"}],"about":[{"href":"https:\/\/corrientesdetarde.com\/index.php\/wp-json\/wp\/v2\/types\/post"}],"author":[{"embeddable":true,"href":"https:\/\/corrientesdetarde.com\/index.php\/wp-json\/wp\/v2\/users\/12"}],"replies":[{"embeddable":true,"href":"https:\/\/corrientesdetarde.com\/index.php\/wp-json\/wp\/v2\/comments?post=122978"}],"version-history":[{"count":2,"href":"https:\/\/corrientesdetarde.com\/index.php\/wp-json\/wp\/v2\/posts\/122978\/revisions"}],"predecessor-version":[{"id":122989,"href":"https:\/\/corrientesdetarde.com\/index.php\/wp-json\/wp\/v2\/posts\/122978\/revisions\/122989"}],"wp:featuredmedia":[{"embeddable":true,"href":"https:\/\/corrientesdetarde.com\/index.php\/wp-json\/wp\/v2\/media\/122983"}],"wp:attachment":[{"href":"https:\/\/corrientesdetarde.com\/index.php\/wp-json\/wp\/v2\/media?parent=122978"}],"wp:term":[{"taxonomy":"category","embeddable":true,"href":"https:\/\/corrientesdetarde.com\/index.php\/wp-json\/wp\/v2\/categories?post=122978"},{"taxonomy":"post_tag","embeddable":true,"href":"https:\/\/corrientesdetarde.com\/index.php\/wp-json\/wp\/v2\/tags?post=122978"}],"curies":[{"name":"wp","href":"https:\/\/api.w.org\/{rel}","templated":true}]}}